{"id":451961,"date":"2017-01-04T19:45:43","date_gmt":"2017-01-05T01:45:43","guid":{"rendered":"https:\/\/www.futboltotal.com.mx\/?p=451961"},"modified":"2017-01-04T19:45:43","modified_gmt":"2017-01-05T01:45:43","slug":"chiapas-se-refuerza-rumbo-a-la-salvacion","status":"publish","type":"post","link":"http:\/\/desarrollo.grupomedios.com\/futbol\/futbol-mexicano\/chiapas-se-refuerza-rumbo-a-la-salvacion\/2017\/01","title":{"rendered":"\u00a1Chiapas se refuerza rumbo a la salvaci\u00f3n!"},"content":{"rendered":"<p>Los <a href=\"http:\/\/www.futboltotal.com.mx\/equipos\/chiapas\/\" target=\"_blank\">Jaguares de Chiapas<\/a> nacieron en 2002, y el \u00faltimo a\u00f1o ha resultado ser uno de los m\u00e1s ca\u00f3ticos de su historia, por los problemas econ\u00f3micos y porcentuales que lo han llevado a estar al borde del descenso, algo que no pasaba desde la primera temporada futbol\u00edstica que pasa en la Liga MX, por ello, se ha hecho de varios refuerzos de importancia.<\/p>\n<p>Luego de que Mois\u00e9s Mu\u00f1oz hiciera su primera aparici\u00f3n p\u00fablica como jugador de <strong>Chiapas<\/strong>, el conjunto decidi\u00f3 compartir en redes sociales, las nuevas incorporaciones que tiene de cara al Clausura 2017, donde buscar\u00e1 la salvaci\u00f3n, igual que otros equipos.<\/p>\n<p style=\"text-align: center;\"><span style=\"color: #3366ff;\"><a style=\"color: #3366ff;\" href=\"https:\/\/www.futboltotal.com.mx\/2017\/01\/tunden-a-veracruz-pagarle-a-dos-futbolistas\/\" target=\"_blank\"><strong>LEER M\u00c1S: Tunden al Veracruz por no pagarle a futbolistas<\/strong><\/a><\/span><\/p>\n<p>Los porteros, Leonardo Buri\u00e1n y Jorge Villalpando, junto a Lucas Silva, Guillermo Rodr\u00edguez, Enrique Esqueda, F\u00e9lix Micolta, Wilder Guisao y Mateus Goncalves, son los nuevos refuerzos de <strong>Chiapas <em>Jaguar<\/em><\/strong>, para el Clausura 2017.<\/p>\n<blockquote class=\"twitter-tweet\" data-width=\"500\">\n<p lang=\"es\" dir=\"ltr\"><a href=\"https:\/\/twitter.com\/hashtag\/RefuerzoJaguar?src=hash\">#RefuerzoJaguar<\/a> Leonardo Fabi\u00e1n Buri\u00e1n Castro \u00a1Bienvenido a la selva! <a href=\"https:\/\/twitter.com\/hashtag\/JaguaresAlAcecho?src=hash\">#JaguaresAlAcecho<\/a> <a href=\"https:\/\/t.co\/B0nzWc0JjM\">pic.twitter.com\/B0nzWc0JjM<\/a><\/p>\n<p>&mdash; Chiapas Jaguar (@Chiapas_FC) <a href=\"https:\/\/twitter.com\/Chiapas_FC\/status\/816765953698578440\">January 4, 2017<\/a><\/p><\/blockquote>\n<p><script async src=\"\/\/platform.twitter.com\/widgets.js\" charset=\"utf-8\"><\/script><\/p>\n<blockquote class=\"twitter-tweet\" data-width=\"500\">\n<p lang=\"es\" dir=\"ltr\"><a href=\"https:\/\/twitter.com\/hashtag\/RefuerzoJaguar?src=hash\">#RefuerzoJaguar<\/a> Jorge Villalpando Romo <a href=\"https:\/\/twitter.com\/JoVillalpando\">@JoVillalpando<\/a>  \u00a1Bienvenido a la selva! <a href=\"https:\/\/twitter.com\/hashtag\/JaguaresAlAcecho?src=hash\">#JaguaresAlAcecho<\/a> <a href=\"https:\/\/t.co\/VuwAS0k3sN\">pic.twitter.com\/VuwAS0k3sN<\/a><\/p>\n<p>&mdash; Chiapas Jaguar (@Chiapas_FC) <a href=\"https:\/\/twitter.com\/Chiapas_FC\/status\/816772468992000000\">January 4, 2017<\/a><\/p><\/blockquote>\n<p><script async src=\"\/\/platform.twitter.com\/widgets.js\" charset=\"utf-8\"><\/script><\/p>\n<blockquote class=\"twitter-tweet\" data-width=\"500\">\n<p lang=\"es\" dir=\"ltr\"><a href=\"https:\/\/twitter.com\/hashtag\/RefuerzoJaguar?src=hash\">#RefuerzoJaguar<\/a> Guillermo Daniel Rodr\u00edguez P\u00e9rez \u00a1Bienvenido a la selva! <a href=\"https:\/\/twitter.com\/hashtag\/JaguaresAlAcecho?src=hash\">#JaguaresAlAcecho<\/a> <a href=\"https:\/\/t.co\/53gfLqFKeN\">pic.twitter.com\/53gfLqFKeN<\/a><\/p>\n<p>&mdash; Chiapas Jaguar (@Chiapas_FC) <a href=\"https:\/\/twitter.com\/Chiapas_FC\/status\/816782543760584704\">January 4, 2017<\/a><\/p><\/blockquote>\n<p><script async src=\"\/\/platform.twitter.com\/widgets.js\" charset=\"utf-8\"><\/script><\/p>\n<blockquote class=\"twitter-tweet\" data-width=\"500\">\n<p lang=\"pt\" dir=\"ltr\"><a href=\"https:\/\/twitter.com\/hashtag\/RefuerzoJaguar?src=hash\">#RefuerzoJaguar<\/a> Lucas Ant\u00f4nio Silva de Oliveira \u00a1Bienvenido a la selva! <a href=\"https:\/\/twitter.com\/hashtag\/JaguaresAlAcecho?src=hash\">#JaguaresAlAcecho<\/a> <a href=\"https:\/\/t.co\/elSVX2YPKR\">pic.twitter.com\/elSVX2YPKR<\/a><\/p>\n<p>&mdash; Chiapas Jaguar (@Chiapas_FC) <a href=\"https:\/\/twitter.com\/Chiapas_FC\/status\/816790087245688832\">January 4, 2017<\/a><\/p><\/blockquote>\n<p><script async src=\"\/\/platform.twitter.com\/widgets.js\" charset=\"utf-8\"><\/script><\/p>\n<blockquote class=\"twitter-tweet\" data-width=\"500\">\n<p lang=\"es\" dir=\"ltr\"><a href=\"https:\/\/twitter.com\/hashtag\/RefuerzoJaguar?src=hash\">#RefuerzoJaguar<\/a> Enrique Alejandro Esqueda Tirado \u00a1Bienvenido a la selva! <a href=\"https:\/\/twitter.com\/hashtag\/JaguaresAlAcecho?src=hash\">#JaguaresAlAcecho<\/a> <a href=\"https:\/\/t.co\/qiUas6MtLK\">pic.twitter.com\/qiUas6MtLK<\/a><\/p>\n<p>&mdash; Chiapas Jaguar (@Chiapas_FC) <a href=\"https:\/\/twitter.com\/Chiapas_FC\/status\/816796461027491841\">January 5, 2017<\/a><\/p><\/blockquote>\n<p><script async src=\"\/\/platform.twitter.com\/widgets.js\" charset=\"utf-8\"><\/script><\/p>\n<blockquote class=\"twitter-tweet\" data-width=\"500\">\n<p lang=\"es\" dir=\"ltr\"><a href=\"https:\/\/twitter.com\/hashtag\/RefuerzoJaguar?src=hash\">#RefuerzoJaguar<\/a>  F\u00e9lix Andr\u00e9s Micolta Micolta \u00a1Bienvenido a la selva! <a href=\"https:\/\/twitter.com\/hashtag\/JaguaresAlAcecho?src=hash\">#JaguaresAlAcecho<\/a> <a href=\"https:\/\/t.co\/dsoqJ7FulF\">pic.twitter.com\/dsoqJ7FulF<\/a><\/p>\n<p>&mdash; Chiapas Jaguar (@Chiapas_FC) <a href=\"https:\/\/twitter.com\/Chiapas_FC\/status\/816802675178242049\">January 5, 2017<\/a><\/p><\/blockquote>\n<p><script async src=\"\/\/platform.twitter.com\/widgets.js\" charset=\"utf-8\"><\/script><\/p>\n<blockquote class=\"twitter-tweet\" data-width=\"500\">\n<p lang=\"es\" dir=\"ltr\"><a href=\"https:\/\/twitter.com\/hashtag\/RefuerzoJaguar?src=hash\">#RefuerzoJaguar<\/a> Wilder Andr\u00e9s Guisao Correa \u00a1Bienvenido a la selva! <a href=\"https:\/\/twitter.com\/hashtag\/JaguaresAlAcecho?src=hash\">#JaguaresAlAcecho<\/a> <a href=\"https:\/\/t.co\/MdNNhoDUsf\">pic.twitter.com\/MdNNhoDUsf<\/a><\/p>\n<p>&mdash; Chiapas Jaguar (@Chiapas_FC) <a href=\"https:\/\/twitter.com\/Chiapas_FC\/status\/816810216792748032\">January 5, 2017<\/a><\/p><\/blockquote>\n<p><script async src=\"\/\/platform.twitter.com\/widgets.js\" charset=\"utf-8\"><\/script><\/p>\n<p><strong>S\u00edguenos en Twitter<\/strong>: <a href=\"https:\/\/twitter.com\/MXFutbolTotal\" target=\"_blank\">@MXFutbolTotal<\/a><\/p>\n","protected":false},"excerpt":{"rendered":"<p>El Jaguar anuncia ocho nuevas incorporaciones; Moi tendr\u00e1 competencia.<\/p>\n","protected":false},"author":20,"featured_media":451964,"comment_status":"closed","ping_status":"closed","sticky":false,"template":"","format":"standard","meta":[],"categories":[2198,3845],"tags":[5964,7732],"_links":{"self":[{"href":"http:\/\/desarrollo.grupomedios.com\/futbol\/wp-json\/wp\/v2\/posts\/451961"}],"collection":[{"href":"http:\/\/desarrollo.grupomedios.com\/futbol\/wp-json\/wp\/v2\/posts"}],"about":[{"href":"http:\/\/desarrollo.grupomedios.com\/futbol\/wp-json\/wp\/v2\/types\/post"}],"author":[{"embeddable":true,"href":"http:\/\/desarrollo.grupomedios.com\/futbol\/wp-json\/wp\/v2\/users\/20"}],"replies":[{"embeddable":true,"href":"http:\/\/desarrollo.grupomedios.com\/futbol\/wp-json\/wp\/v2\/comments?post=451961"}],"version-history":[{"count":0,"href":"http:\/\/desarrollo.grupomedios.com\/futbol\/wp-json\/wp\/v2\/posts\/451961\/revisions"}],"wp:featuredmedia":[{"embeddable":true,"href":"http:\/\/desarrollo.grupomedios.com\/futbol\/wp-json\/wp\/v2\/media\/451964"}],"wp:attachment":[{"href":"http:\/\/desarrollo.grupomedios.com\/futbol\/wp-json\/wp\/v2\/media?parent=451961"}],"wp:term":[{"taxonomy":"category","embeddable":true,"href":"http:\/\/desarrollo.grupomedios.com\/futbol\/wp-json\/wp\/v2\/categories?post=451961"},{"taxonomy":"post_tag","embeddable":true,"href":"http:\/\/desarrollo.grupomedios.com\/futbol\/wp-json\/wp\/v2\/tags?post=451961"}],"curies":[{"name":"wp","href":"https:\/\/api.w.org\/{rel}","templated":true}]}}