{"id":451972,"date":"2017-01-04T20:38:23","date_gmt":"2017-01-05T02:38:23","guid":{"rendered":"https:\/\/www.futboltotal.com.mx\/?p=451972"},"modified":"2017-01-04T20:40:26","modified_gmt":"2017-01-05T02:40:26","slug":"chivas-tendra-uniforme-gala-clausura-2017","status":"publish","type":"post","link":"http:\/\/desarrollo.grupomedios.com\/futbol\/destacado-home\/chivas-tendra-uniforme-gala-clausura-2017\/2017\/01","title":{"rendered":"Chivas tendr\u00e1 uniforme de gala para el Clausura 2017"},"content":{"rendered":"<p>El Reba\u00f1o Sagrado ya se encuentra listo para encarar el Clausura 2017 que inicia el pr\u00f3ximo fin de semana. La firma alemana lanzar\u00e1 este jueves el jersey de gala que tendr\u00e1 <strong>Chivas<\/strong> para el nuevo torneo.<\/p>\n<p>Hace varias semanas, se hab\u00eda filtrado el que ser\u00eda el tercer uniforme, pero solo eran especulaciones sobre si era o no el uniforme que usar\u00e1n para la campa\u00f1a que est\u00e1 por iniciar.<\/p>\n<p style=\"text-align: center;\"><span style=\"color: #3366ff;\"><a style=\"color: #3366ff;\" href=\"https:\/\/www.futboltotal.com.mx\/2017\/01\/pese-a-centenario-arruinado-america-gana\/\" target=\"_blank\">LEER M\u00c1S: Pese a Centenario arruinado, Am\u00e9rica gana m\u00e1s\u2026<\/a><\/span><\/p>\n<p>El jersey es color azul marino con unas ligeras l\u00edneas negras y detalles en los hombros de color naranja. El short ser\u00e1 azul marino con franjas gruesas a los costados de color naranja y calcetas del mismo color. <strong>Chivas<\/strong> seguir\u00e1 sin tener patrocinadores en el pecho, solo cuentan con uno\u00a0en el hombro izquierdo.<\/p>\n<p><a href=\"https:\/\/www.futboltotal.com.mx\/wp-content\/uploads\/2017\/01\/chivas_tercer_uniforme.jpg\"><img decoding=\"async\" loading=\"lazy\" class=\"alignnone wp-image-451973 size-full\" src=\"https:\/\/www.futboltotal.com.mx\/wp-content\/uploads\/2017\/01\/chivas_tercer_uniforme.jpg\" alt=\"chivas_tercer_uniforme\" srcset=\"http:\/\/desarrollo.grupomedios.com\/futbol\/wp-content\/uploads\/2017\/01\/chivas_tercer_uniforme.jpg 800w, http:\/\/desarrollo.grupomedios.com\/futbol\/wp-content\/uploads\/2017\/01\/chivas_tercer_uniforme-300x268.jpg 300w, http:\/\/desarrollo.grupomedios.com\/futbol\/wp-content\/uploads\/2017\/01\/chivas_tercer_uniforme-768x685.jpg 768w\" sizes=\"(max-width: 800px) 100vw, 800px\" \/><\/a><\/p>\n<p>Puma ha confirmado la presentaci\u00f3n del nuevo jersey, por el momento ya se filtr\u00f3 una foto de cuatro jugadores de <strong>Guadalajara<\/strong> portando la indumentaria, entre los que aparece Javier L\u00f3pez.<\/p>\n<p>En redes sociales la aceptaci\u00f3n de los aficionados fue bastante bueno, incluso no se cansan de elogiar a la marca por el jersey tan elegante que han dise\u00f1ado.<\/p>\n<blockquote class=\"twitter-tweet\" data-width=\"500\">\n<p lang=\"es\" dir=\"ltr\">Tu pasi\u00f3n tiene nombre y apellido. Ma\u00f1ana podr\u00e1s declarar p\u00fablicamente tu amor por <a href=\"https:\/\/twitter.com\/Chivas\">@Chivas<\/a>. <a href=\"https:\/\/twitter.com\/hashtag\/SomosCa3rones?src=hash\">#SomosCa3rones<\/a> <a href=\"https:\/\/t.co\/n40EHcdLYJ\">pic.twitter.com\/n40EHcdLYJ<\/a><\/p>\n<p>&mdash; PUMA M\u00e9xico (@PUMAmexico) <a href=\"https:\/\/twitter.com\/PUMAmexico\/status\/816751124015419392\">January 4, 2017<\/a><\/p><\/blockquote>\n<p><script async src=\"\/\/platform.twitter.com\/widgets.js\" charset=\"utf-8\"><\/script><\/p>\n<p>S\u00edguenos en Twitter: <a href=\"https:\/\/twitter.com\/MXFutbolTotal\" target=\"_blank\">@MXFutbolTotal<\/a><\/p>\n","protected":false},"excerpt":{"rendered":"<p>Este ser\u00e1 el tercer uniforme de Guadalajara para el Clausura 2017.<\/p>\n","protected":false},"author":20,"featured_media":451974,"comment_status":"closed","ping_status":"closed","sticky":false,"template":"","format":"standard","meta":[],"categories":[5,2198,3845],"tags":[70,5963],"_links":{"self":[{"href":"http:\/\/desarrollo.grupomedios.com\/futbol\/wp-json\/wp\/v2\/posts\/451972"}],"collection":[{"href":"http:\/\/desarrollo.grupomedios.com\/futbol\/wp-json\/wp\/v2\/posts"}],"about":[{"href":"http:\/\/desarrollo.grupomedios.com\/futbol\/wp-json\/wp\/v2\/types\/post"}],"author":[{"embeddable":true,"href":"http:\/\/desarrollo.grupomedios.com\/futbol\/wp-json\/wp\/v2\/users\/20"}],"replies":[{"embeddable":true,"href":"http:\/\/desarrollo.grupomedios.com\/futbol\/wp-json\/wp\/v2\/comments?post=451972"}],"version-history":[{"count":0,"href":"http:\/\/desarrollo.grupomedios.com\/futbol\/wp-json\/wp\/v2\/posts\/451972\/revisions"}],"wp:featuredmedia":[{"embeddable":true,"href":"http:\/\/desarrollo.grupomedios.com\/futbol\/wp-json\/wp\/v2\/media\/451974"}],"wp:attachment":[{"href":"http:\/\/desarrollo.grupomedios.com\/futbol\/wp-json\/wp\/v2\/media?parent=451972"}],"wp:term":[{"taxonomy":"category","embeddable":true,"href":"http:\/\/desarrollo.grupomedios.com\/futbol\/wp-json\/wp\/v2\/categories?post=451972"},{"taxonomy":"post_tag","embeddable":true,"href":"http:\/\/desarrollo.grupomedios.com\/futbol\/wp-json\/wp\/v2\/tags?post=451972"}],"curies":[{"name":"wp","href":"https:\/\/api.w.org\/{rel}","templated":true}]}}