{"id":452009,"date":"2017-01-05T12:57:09","date_gmt":"2017-01-05T18:57:09","guid":{"rendered":"https:\/\/www.futboltotal.com.mx\/?p=452009"},"modified":"2017-01-05T12:59:03","modified_gmt":"2017-01-05T18:59:03","slug":"chiapas-contrata-dos-porteros-competir-moi","status":"publish","type":"post","link":"http:\/\/desarrollo.grupomedios.com\/futbol\/futbol-mexicano\/chiapas-contrata-dos-porteros-competir-moi\/2017\/01","title":{"rendered":"Chiapas contrata dos porteros para competir con Moi Mu\u00f1oz"},"content":{"rendered":"<p>A pesar de que se confirm\u00f3 hace unos d\u00edas la llegada de <strong>Mois\u00e9s Mu\u00f1oz<\/strong> a los Jaguares de Chiapas, parece que el ex portero del Am\u00e9rica no tiene asegurado su lugar como titular del equipo que dirige Sergio Bueno.<\/p>\n<p>Este martes, el equipo chiapaneco anunci\u00f3 la contrataci\u00f3n de dos porteros m\u00e1s que al parecer competir\u00e1n con <em>Moi<\/em>, uno proveniente del futbol uruguayo y un viejo conocido de la Liga MX.<\/p>\n<p style=\"text-align: center;\"><span style=\"color: #3366ff;\"><a style=\"color: #3366ff;\" href=\"https:\/\/www.futboltotal.com.mx\/2017\/01\/reciben-a-director-tecnico-a-balazos\/\">LEER M\u00c1S: \u00a1Reciben a director t\u00e9cnico, a balazos!<\/a><\/span><\/p>\n<blockquote class=\"twitter-tweet\" data-width=\"500\">\n<p lang=\"es\" dir=\"ltr\"><a href=\"https:\/\/twitter.com\/hashtag\/RefuerzoJaguar?src=hash\">#RefuerzoJaguar<\/a> Leonardo Fabi\u00e1n Buri\u00e1n Castro \u00a1Bienvenido a la selva! <a href=\"https:\/\/twitter.com\/hashtag\/JaguaresAlAcecho?src=hash\">#JaguaresAlAcecho<\/a> <a href=\"https:\/\/t.co\/B0nzWc0JjM\">pic.twitter.com\/B0nzWc0JjM<\/a><\/p>\n<p>&mdash; Chiapas Jaguar (@Chiapas_FC) <a href=\"https:\/\/twitter.com\/Chiapas_FC\/status\/816765953698578440\">January 4, 2017<\/a><\/p><\/blockquote>\n<p><script async src=\"\/\/platform.twitter.com\/widgets.js\" charset=\"utf-8\"><\/script><\/p>\n<blockquote class=\"twitter-tweet\" data-width=\"500\">\n<p lang=\"es\" dir=\"ltr\"><a href=\"https:\/\/twitter.com\/hashtag\/RefuerzoJaguar?src=hash\">#RefuerzoJaguar<\/a> Jorge Villalpando Romo <a href=\"https:\/\/twitter.com\/JoVillalpando\">@JoVillalpando<\/a>  \u00a1Bienvenido a la selva! <a href=\"https:\/\/twitter.com\/hashtag\/JaguaresAlAcecho?src=hash\">#JaguaresAlAcecho<\/a> <a href=\"https:\/\/t.co\/VuwAS0k3sN\">pic.twitter.com\/VuwAS0k3sN<\/a><\/p>\n<p>&mdash; Chiapas Jaguar (@Chiapas_FC) <a href=\"https:\/\/twitter.com\/Chiapas_FC\/status\/816772468992000000\">January 4, 2017<\/a><\/p><\/blockquote>\n<p><script async src=\"\/\/platform.twitter.com\/widgets.js\" charset=\"utf-8\"><\/script><\/p>\n<p>Aunque <strong>Mois\u00e9s Mu\u00f1oz<\/strong> lleg\u00f3 como &#8220;refuerzo estrella&#8221; para el equipo de Chiapas, parece que tendr\u00e1 que ganarse su lugar con el t\u00e9cnico Sergio Bueno ante la llegada de estos porteros. Primero con el guardameta uruguayo y luego con Villalpando, que fue parte del equipo que hizo historia en la Copa Libertadores.<\/p>\n<p>\u00bfSe quedar\u00e1 <strong>Moi Mu\u00f1oz<\/strong> con la titularidad en Jaguares o ser\u00e1 relegado a la banca?<\/p>\n","protected":false},"excerpt":{"rendered":"<p>Mu\u00f1oz tendr\u00e1 que competir con los nuevos arqueros del club.<\/p>\n","protected":false},"author":20,"featured_media":441439,"comment_status":"closed","ping_status":"closed","sticky":false,"template":"","format":"standard","meta":[],"categories":[2198,3845,5950],"tags":[5964,64],"_links":{"self":[{"href":"http:\/\/desarrollo.grupomedios.com\/futbol\/wp-json\/wp\/v2\/posts\/452009"}],"collection":[{"href":"http:\/\/desarrollo.grupomedios.com\/futbol\/wp-json\/wp\/v2\/posts"}],"about":[{"href":"http:\/\/desarrollo.grupomedios.com\/futbol\/wp-json\/wp\/v2\/types\/post"}],"author":[{"embeddable":true,"href":"http:\/\/desarrollo.grupomedios.com\/futbol\/wp-json\/wp\/v2\/users\/20"}],"replies":[{"embeddable":true,"href":"http:\/\/desarrollo.grupomedios.com\/futbol\/wp-json\/wp\/v2\/comments?post=452009"}],"version-history":[{"count":0,"href":"http:\/\/desarrollo.grupomedios.com\/futbol\/wp-json\/wp\/v2\/posts\/452009\/revisions"}],"wp:featuredmedia":[{"embeddable":true,"href":"http:\/\/desarrollo.grupomedios.com\/futbol\/wp-json\/wp\/v2\/media\/441439"}],"wp:attachment":[{"href":"http:\/\/desarrollo.grupomedios.com\/futbol\/wp-json\/wp\/v2\/media?parent=452009"}],"wp:term":[{"taxonomy":"category","embeddable":true,"href":"http:\/\/desarrollo.grupomedios.com\/futbol\/wp-json\/wp\/v2\/categories?post=452009"},{"taxonomy":"post_tag","embeddable":true,"href":"http:\/\/desarrollo.grupomedios.com\/futbol\/wp-json\/wp\/v2\/tags?post=452009"}],"curies":[{"name":"wp","href":"https:\/\/api.w.org\/{rel}","templated":true}]}}