{"id":452010,"date":"2017-01-05T12:15:49","date_gmt":"2017-01-05T18:15:49","guid":{"rendered":"https:\/\/www.futboltotal.com.mx\/?p=452010"},"modified":"2017-01-05T12:15:49","modified_gmt":"2017-01-05T18:15:49","slug":"pep-guardiola-hablo-posible-regreso-al-barcelona","status":"publish","type":"post","link":"http:\/\/desarrollo.grupomedios.com\/futbol\/futbol-internacional\/pep-guardiola-hablo-posible-regreso-al-barcelona\/2017\/01","title":{"rendered":"Pep Guardiola habl\u00f3 sobre su posible regreso al Barcelona"},"content":{"rendered":"<p>Este mi\u00e9rcoles, Fabio Capello agit\u00f3 un tanto el mundo del futbol cuando declar\u00f3 lo que cre\u00eda sobre el futuro de <strong>Pep Guardiola<\/strong>.<\/p>\n<p>Pep hab\u00eda declarado que no pensaba dirigir hasta que fuera mayor (\u201cNo voy a ser entrenador con 60 o 65 a\u00f1os\u201d). Capello retom\u00f3 lo dicho por el catal\u00e1n y le dio una interpretaci\u00f3n: \u201cCreo que ya tiene una idea en mente. Creo que <strong>Guardiola<\/strong> volver\u00e1 al Barcelona como presidente\u201d, dijo el hist\u00f3rico entrenador italiano.<\/p>\n<p style=\"text-align: center;\"><a href=\"https:\/\/www.futboltotal.com.mx\/2017\/01\/estoy-aproximandome-al-final-mi-carrera-pep-guardiola\/\" target=\"_blank\"><span style=\"color: #3366ff;\"><strong>LEER M\u00c1S: &#8220;Estoy aproxim\u00e1ndome al final de mi carrera&#8221; &#8211; Pep Guardiola<\/strong><\/span><\/a><\/p>\n<p>Sin embargo, este jueves Pep ha salido a aclarar lo dicho por Capello y ha negado que tenga intenciones de regresar al cuadro Blaugrana para ocupar su presidencia.<\/p>\n<p>El director t\u00e9cnico del Manchester City respondi\u00f3: \u201cTuve la suerte de ser entrenado por Fabio Capello y le dir\u00e9 que nunca ser\u00e9 presidente del Barcelona\u201d. El catal\u00e1n no se qued\u00f3 ah\u00ed e incluso lanz\u00f3 un gui\u00f1o a otro personaje, de quien se conocen intenciones de presidir un d\u00eda al club Blaugrana: \u201cPara eso ya est\u00e1 Gerard Piqu\u00e9\u201d.<\/p>\n<p style=\"text-align: center;\"><a href=\"https:\/\/www.futboltotal.com.mx\/2016\/12\/guardiola-pide-tiempo-para-triunfar\/\" target=\"_blank\"><span style=\"color: #3366ff;\"><strong>LEER M\u00c1S: Guardiola pide tiempo para triunfar en el City<\/strong><\/span><\/a><\/p>\n<p>Adem\u00e1s de tocar ese tema, Pep habl\u00f3 tambi\u00e9n de lo que hab\u00eda dicho sobre la edad en la que dejar\u00e1 de ejercer como director t\u00e9cnico: \u201cNo voy a entrenar cuando tenga 60 a\u00f1os, pero eh, chicos, tengo 45 a\u00f1os\u201d.<\/p>\n<p>El manager de los Citizens afirm\u00f3: \u201cEstoy en un lugar perfecto para seguir trabajando. En el futuro quiero hacer algo m\u00e1s con mi vida. Empec\u00e9 muy pronto a jugar al futbol\u201d, y concedi\u00f3: \u201cQuiz\u00e1 fue inapropiado decir que estoy empezando a despedirme de mi carrera\u201d.<\/p>\n<p><a href=\"https:\/\/twitter.com\/MXFutbolTotal\" target=\"_blank\"><span style=\"color: #3366ff;\"><strong>S\u00edguenos en Twitter: @MXFutbolTotal<\/strong><\/span><\/a><\/p>\n","protected":false},"excerpt":{"rendered":"<p>Pep habl\u00f3 sobre el futuro de su carrera, dentro y fuera del banquillo.<\/p>\n","protected":false},"author":20,"featured_media":409405,"comment_status":"closed","ping_status":"closed","sticky":false,"template":"","format":"standard","meta":[],"categories":[3839,3844,3846,5951],"tags":[5984,7587,2450,253,3691,2510,603,76,5993,2497,1791,334],"_links":{"self":[{"href":"http:\/\/desarrollo.grupomedios.com\/futbol\/wp-json\/wp\/v2\/posts\/452010"}],"collection":[{"href":"http:\/\/desarrollo.grupomedios.com\/futbol\/wp-json\/wp\/v2\/posts"}],"about":[{"href":"http:\/\/desarrollo.grupomedios.com\/futbol\/wp-json\/wp\/v2\/types\/post"}],"author":[{"embeddable":true,"href":"http:\/\/desarrollo.grupomedios.com\/futbol\/wp-json\/wp\/v2\/users\/20"}],"replies":[{"embeddable":true,"href":"http:\/\/desarrollo.grupomedios.com\/futbol\/wp-json\/wp\/v2\/comments?post=452010"}],"version-history":[{"count":0,"href":"http:\/\/desarrollo.grupomedios.com\/futbol\/wp-json\/wp\/v2\/posts\/452010\/revisions"}],"wp:featuredmedia":[{"embeddable":true,"href":"http:\/\/desarrollo.grupomedios.com\/futbol\/wp-json\/wp\/v2\/media\/409405"}],"wp:attachment":[{"href":"http:\/\/desarrollo.grupomedios.com\/futbol\/wp-json\/wp\/v2\/media?parent=452010"}],"wp:term":[{"taxonomy":"category","embeddable":true,"href":"http:\/\/desarrollo.grupomedios.com\/futbol\/wp-json\/wp\/v2\/categories?post=452010"},{"taxonomy":"post_tag","embeddable":true,"href":"http:\/\/desarrollo.grupomedios.com\/futbol\/wp-json\/wp\/v2\/tags?post=452010"}],"curies":[{"name":"wp","href":"https:\/\/api.w.org\/{rel}","templated":true}]}}