{"id":452063,"date":"2017-01-05T15:20:59","date_gmt":"2017-01-05T21:20:59","guid":{"rendered":"https:\/\/www.futboltotal.com.mx\/?p=452063"},"modified":"2017-01-05T15:20:59","modified_gmt":"2017-01-05T21:20:59","slug":"miguel-layun-triste-situacion-social-en-mexico","status":"publish","type":"post","link":"http:\/\/desarrollo.grupomedios.com\/futbol\/cambio-de-juego\/miguel-layun-triste-situacion-social-en-mexico\/2017\/01","title":{"rendered":"Miguel Lay\u00fan, triste por situaci\u00f3n social en M\u00e9xico"},"content":{"rendered":"<p>El defensa del <strong>FC Porto<\/strong> y de la <a href=\"http:\/\/www.futboltotal.com.mx\/futbol-mexicano\/seleccion-mexicana\/\" target=\"_blank\">Selecci\u00f3n Mexicana<\/a>, <strong>Miguel Lay\u00fan<\/strong>, expres\u00f3 tristeza en redes sociales, sobre lo que sucede en M\u00e9xico, por las protestas, originalmente encausadas en contra del <em>Gasolinazo<\/em>, y que dieron lugar a saqueos a centros comerciales.<\/p>\n<p>A trav\u00e9s de su cuenta de Twitter, <strong>Miguel Lay\u00fan<\/strong> dej\u00f3 entrever su decepci\u00f3n por lo que pasa en su pa\u00eds; varios aficionados coincidieron con \u00e9l y condenaron los actos de vandalismo.<\/p>\n<p style=\"text-align: center;\"><span style=\"color: #3366ff;\"><a style=\"color: #3366ff;\" href=\"https:\/\/www.futboltotal.com.mx\/2017\/01\/tuca-ferretti-explota-por-gasolinazo\/\" target=\"_blank\"><strong>LEER M\u00c1S: Tuca furioso por el <em>Gasolinazo<\/em><\/strong><\/a><\/span><\/p>\n<p>https:\/\/twitter.com\/Miguel_layun\/status\/816953720919490561<\/p>\n<p><strong>S\u00edguenos en Twitter:<\/strong> <a href=\"https:\/\/twitter.com\/MXFutbolTotal\" target=\"_blank\">@MXFutbolTotal<\/a><\/p>\n","protected":false},"excerpt":{"rendered":"<p>El zaguero mexicano comenta acerca de lo que vive la poblaci\u00f3n nacional.<\/p>\n","protected":false},"author":20,"featured_media":452064,"comment_status":"closed","ping_status":"closed","sticky":false,"template":"","format":"standard","meta":[],"categories":[5419,6718],"tags":[1035],"_links":{"self":[{"href":"http:\/\/desarrollo.grupomedios.com\/futbol\/wp-json\/wp\/v2\/posts\/452063"}],"collection":[{"href":"http:\/\/desarrollo.grupomedios.com\/futbol\/wp-json\/wp\/v2\/posts"}],"about":[{"href":"http:\/\/desarrollo.grupomedios.com\/futbol\/wp-json\/wp\/v2\/types\/post"}],"author":[{"embeddable":true,"href":"http:\/\/desarrollo.grupomedios.com\/futbol\/wp-json\/wp\/v2\/users\/20"}],"replies":[{"embeddable":true,"href":"http:\/\/desarrollo.grupomedios.com\/futbol\/wp-json\/wp\/v2\/comments?post=452063"}],"version-history":[{"count":0,"href":"http:\/\/desarrollo.grupomedios.com\/futbol\/wp-json\/wp\/v2\/posts\/452063\/revisions"}],"wp:featuredmedia":[{"embeddable":true,"href":"http:\/\/desarrollo.grupomedios.com\/futbol\/wp-json\/wp\/v2\/media\/452064"}],"wp:attachment":[{"href":"http:\/\/desarrollo.grupomedios.com\/futbol\/wp-json\/wp\/v2\/media?parent=452063"}],"wp:term":[{"taxonomy":"category","embeddable":true,"href":"http:\/\/desarrollo.grupomedios.com\/futbol\/wp-json\/wp\/v2\/categories?post=452063"},{"taxonomy":"post_tag","embeddable":true,"href":"http:\/\/desarrollo.grupomedios.com\/futbol\/wp-json\/wp\/v2\/tags?post=452063"}],"curies":[{"name":"wp","href":"https:\/\/api.w.org\/{rel}","templated":true}]}}