{"id":452153,"date":"2017-01-06T12:43:20","date_gmt":"2017-01-06T18:43:20","guid":{"rendered":"https:\/\/www.futboltotal.com.mx\/?p=452153"},"modified":"2017-01-06T12:43:20","modified_gmt":"2017-01-06T18:43:20","slug":"cristiano-sin-problemas-descansar-zidane","status":"publish","type":"post","link":"http:\/\/desarrollo.grupomedios.com\/futbol\/futbol-internacional\/cristiano-sin-problemas-descansar-zidane\/2017\/01","title":{"rendered":"Cristiano, sin problemas por descansar: Zidane"},"content":{"rendered":"<p>Zinedine Zidane es el primer t\u00e9cnico que da normalidad a los descansos de Cristiano Ronaldo, quien regresa en LaLiga ante el Granada tras no jugar en Copa del Rey frente al Sevilla, cumpliendo una planificaci\u00f3n que dialogan sin &#8220;problema&#8221;, ya que asegur\u00f3 que &#8220;de vez en cuando tiene que descansar&#8221;.<\/p>\n<p>El di\u00e1logo es la clave se\u00f1alada por Zizou para gestionar los descansos que est\u00e1 dando esta temporada a Cristiano Ronaldo. &#8220;Es un jugador muy inteligente y lo hablamos&#8221;, confiesa.<\/p>\n<blockquote><p>&#8220;Mi idea es que quiero a Cristiano bien a lo largo de la temporada y teniendo 20 partidos en 70 d\u00edas de vez en cuando tiene que descansar. Lo veo as\u00ed y \u00e9l tambi\u00e9n, no hay ning\u00fan problema. Lo \u00fanico es que claro que \u00e9l siempre quiere jugar, pero habl\u00e1ndolo se consiguen cosas y lo que queremos es ganar todo lo que est\u00e1 por delante&#8221;, a\u00f1adi\u00f3.<\/p><\/blockquote>\n<p>El t\u00e9cnico madridista destac\u00f3 el liderazgo que Cristiano Ronaldo ejerce en el vestuario tanto los d\u00edas que juega como los que le toca descansar, como se vio ante el Sevilla el pasado mi\u00e9rcoles.<\/p>\n<p style=\"text-align: center;\"><span style=\"color: #3366ff;\"><a style=\"color: #3366ff;\" href=\"https:\/\/www.futboltotal.com.mx\/2017\/01\/tigres-le-puso-alto-a-chivas-las-exhibe-no-tienen-etica\/\">LEER M\u00c1S: Tigres le puso alto a Chivas y las exhibe: \u201cNo tienen \u00e9tica\u201d<\/a><\/span><\/p>\n<blockquote><p>&#8220;Es un l\u00edder dentro del campo y fuera. Por ejemplo antes de los partidos y despu\u00e9s viene a saludar, est\u00e1 dentro del vestuario, dice palabras a cada uno de los jugadores, est\u00e1 completamente metido tambi\u00e9n cuando no juega. Sabe que es muy importante. Los de dentro ven como transmite su energ\u00eda tremenda. Es importante para el grupo porque es un aut\u00e9ntico l\u00edder&#8221;, valor\u00f3.<\/p><\/blockquote>\n<p>El cambio de posici\u00f3n en el terreno de juego que est\u00e1 protagonizado Cristiano este curso, jugando m\u00e1s como delantero centro que en la banda izquierda, no es definitivo seg\u00fan Zidane.<\/p>\n<p>&#8220;Cristiano puede jugar en cualquier sitio. Es verdad que \u00faltimamente ha jugado de nueve m\u00e1s que antes, pero puede jugar en su posici\u00f3n de toda la vida. Nosotros vamos cambiando, es temporal, no es fijo, puede jugar en cualquier sitio. Es complicado meter m\u00e1s goles de los que est\u00e1 haciendo. Ojal\u00e1 siga as\u00ed&#8221;, concluy\u00f3. EFE<\/p>\n","protected":false},"excerpt":{"rendered":"<p>Cristiano descans\u00f3 en el partido de Copa del Rey ante el Sevilla.<\/p>\n","protected":false},"author":144,"featured_media":444209,"comment_status":"closed","ping_status":"closed","sticky":false,"template":"","format":"standard","meta":[],"categories":[3839,5951],"tags":[6013,5988,2943],"_links":{"self":[{"href":"http:\/\/desarrollo.grupomedios.com\/futbol\/wp-json\/wp\/v2\/posts\/452153"}],"collection":[{"href":"http:\/\/desarrollo.grupomedios.com\/futbol\/wp-json\/wp\/v2\/posts"}],"about":[{"href":"http:\/\/desarrollo.grupomedios.com\/futbol\/wp-json\/wp\/v2\/types\/post"}],"author":[{"embeddable":true,"href":"http:\/\/desarrollo.grupomedios.com\/futbol\/wp-json\/wp\/v2\/users\/144"}],"replies":[{"embeddable":true,"href":"http:\/\/desarrollo.grupomedios.com\/futbol\/wp-json\/wp\/v2\/comments?post=452153"}],"version-history":[{"count":0,"href":"http:\/\/desarrollo.grupomedios.com\/futbol\/wp-json\/wp\/v2\/posts\/452153\/revisions"}],"wp:featuredmedia":[{"embeddable":true,"href":"http:\/\/desarrollo.grupomedios.com\/futbol\/wp-json\/wp\/v2\/media\/444209"}],"wp:attachment":[{"href":"http:\/\/desarrollo.grupomedios.com\/futbol\/wp-json\/wp\/v2\/media?parent=452153"}],"wp:term":[{"taxonomy":"category","embeddable":true,"href":"http:\/\/desarrollo.grupomedios.com\/futbol\/wp-json\/wp\/v2\/categories?post=452153"},{"taxonomy":"post_tag","embeddable":true,"href":"http:\/\/desarrollo.grupomedios.com\/futbol\/wp-json\/wp\/v2\/tags?post=452153"}],"curies":[{"name":"wp","href":"https:\/\/api.w.org\/{rel}","templated":true}]}}