{"id":452160,"date":"2017-01-06T14:47:40","date_gmt":"2017-01-06T20:47:40","guid":{"rendered":"https:\/\/www.futboltotal.com.mx\/?p=452160"},"modified":"2017-01-06T14:47:40","modified_gmt":"2017-01-06T20:47:40","slug":"lewandowski-dejo-ver-problema-guardiola-en-bayern","status":"publish","type":"post","link":"http:\/\/desarrollo.grupomedios.com\/futbol\/futbol-internacional\/lewandowski-dejo-ver-problema-guardiola-en-bayern\/2017\/01","title":{"rendered":"Lewandowski dej\u00f3 ver otro problema de Guardiola en el Bayern"},"content":{"rendered":"<p>Pese a que el \u00e9xito que <strong>Pep Guardiola<\/strong> consigui\u00f3 a nivel local con el Bayern M\u00fanich es indiscutible, tampoco est\u00e1 en tela de juicio que su estancia ah\u00ed no fue precisamente celebrada por todo mundo.<\/p>\n<p>El paso del entrenador catal\u00e1n por el Bayern dej\u00f3 t\u00edtulos, s\u00ed, pero tambi\u00e9n algunas incomodidades, que han ido revel\u00e1ndose al paso del tiempo desde que se march\u00f3 al Manchester City.<\/p>\n<p style=\"text-align: center;\"><a href=\"https:\/\/www.futboltotal.com.mx\/2016\/12\/lewandowski-renueva-con-el-bayer\/\" target=\"_blank\"><span style=\"color: #3366ff;\"><strong>LEER M\u00c1S: Robert Lewandowski renueva con el Bayern M\u00fanich hasta 2021<\/strong><\/span><\/a><\/p>\n<p>Ha trascendido que la relaci\u00f3n de<strong> Guardiola<\/strong> no era la mejor con jugadores como Franck Rib\u00e9ry o Mario G\u00f6tze, cuyas diferencias con el actual director t\u00e9cnico <em>Citizen<\/em> han sido ventiladas.<\/p>\n<p>Ahora, otro ex dirigido por Pep ha dejado ver que hab\u00eda cosas de \u00e9l y su forma de trabajo que no ten\u00edan conformes a todos en el club. Se trata de Robert Lewandowski. Mientras el cuadro de M\u00fanich hace una concentraci\u00f3n en Doha, Qatar, debido a la pausa invernal de la Bundesliga, el atacante polaco realiz\u00f3 unas declaraciones que apuntan contra su ex entrenador.<\/p>\n<p style=\"text-align: center;\"><a href=\"https:\/\/www.futboltotal.com.mx\/2016\/11\/estalla-petardo-cerca-robert-lewandowski\/\" target=\"_blank\"><span style=\"color: #3366ff;\"><strong>LEER M\u00c1S:\u00a0Estalla petardo cerca de Robert Lewandowski<\/strong><\/span><\/a><\/p>\n<p>Bild public\u00f3 lo dicho por Lewandowski, quien primero se refiri\u00f3 a la actualidad de su equipo: \u201cEn la segunda parte de la temporada jugaremos mejor. Seremos t\u00e1ctica y f\u00edsicamente mejores\u201d.<\/p>\n<p>Enseguida, el polaco dirigi\u00f3 el ca\u00f1\u00f3n hacia <strong>Guardiola<\/strong>, aunque sin mencionarlo: \u201cEn los \u00faltimos dos a\u00f1os ten\u00edamos problemas al final de la temporada, con la forma f\u00edsica y las lesiones\u201d.<\/p>\n<p><a href=\"https:\/\/twitter.com\/MXFutbolTotal\" target=\"_blank\"><span style=\"color: #3366ff;\"><strong>S\u00edguenos en Twitter: @MXFutbolTotal<\/strong><\/span><\/a><\/p>\n","protected":false},"excerpt":{"rendered":"<p>El delantero polaco del Bayern se refiri\u00f3 a un problema que exist\u00eda con Pep.<\/p>\n","protected":false},"author":20,"featured_media":401947,"comment_status":"closed","ping_status":"closed","sticky":false,"template":"","format":"standard","meta":[],"categories":[3839,6822,5951],"tags":[6000,2662,2056,119,2510,5051,2497,1791,6038],"_links":{"self":[{"href":"http:\/\/desarrollo.grupomedios.com\/futbol\/wp-json\/wp\/v2\/posts\/452160"}],"collection":[{"href":"http:\/\/desarrollo.grupomedios.com\/futbol\/wp-json\/wp\/v2\/posts"}],"about":[{"href":"http:\/\/desarrollo.grupomedios.com\/futbol\/wp-json\/wp\/v2\/types\/post"}],"author":[{"embeddable":true,"href":"http:\/\/desarrollo.grupomedios.com\/futbol\/wp-json\/wp\/v2\/users\/20"}],"replies":[{"embeddable":true,"href":"http:\/\/desarrollo.grupomedios.com\/futbol\/wp-json\/wp\/v2\/comments?post=452160"}],"version-history":[{"count":0,"href":"http:\/\/desarrollo.grupomedios.com\/futbol\/wp-json\/wp\/v2\/posts\/452160\/revisions"}],"wp:featuredmedia":[{"embeddable":true,"href":"http:\/\/desarrollo.grupomedios.com\/futbol\/wp-json\/wp\/v2\/media\/401947"}],"wp:attachment":[{"href":"http:\/\/desarrollo.grupomedios.com\/futbol\/wp-json\/wp\/v2\/media?parent=452160"}],"wp:term":[{"taxonomy":"category","embeddable":true,"href":"http:\/\/desarrollo.grupomedios.com\/futbol\/wp-json\/wp\/v2\/categories?post=452160"},{"taxonomy":"post_tag","embeddable":true,"href":"http:\/\/desarrollo.grupomedios.com\/futbol\/wp-json\/wp\/v2\/tags?post=452160"}],"curies":[{"name":"wp","href":"https:\/\/api.w.org\/{rel}","templated":true}]}}