{"id":452163,"date":"2017-01-06T15:30:04","date_gmt":"2017-01-06T21:30:04","guid":{"rendered":"https:\/\/www.futboltotal.com.mx\/?p=452163"},"modified":"2017-01-06T15:30:04","modified_gmt":"2017-01-06T21:30:04","slug":"nina-trollea-a-francisco-palencia-en-zona-mixta","status":"publish","type":"post","link":"http:\/\/desarrollo.grupomedios.com\/futbol\/videos\/nina-trollea-a-francisco-palencia-en-zona-mixta\/2017\/01","title":{"rendered":"\u00a1Ni\u00f1a trollea a Francisco Palencia en zona mixta!"},"content":{"rendered":"<p>Cuando <strong>Francisco Palencia<\/strong> arrib\u00f3 a suelo <em>tapat\u00edo<\/em> para el compromiso de los <strong>Pumas<\/strong> frente al Guadalajara, de la jornada 1 del Clausura 2017, la prensa ya lo estaba esperando, como lo suelen hacer, as\u00ed que mientras atend\u00eda a los medios que se le aproximaban, una ni\u00f1a se acerc\u00f3 y lo salud\u00f3; el <em>Gatillero<\/em> respondi\u00f3 cort\u00e9smente a la peque\u00f1a, pero unos minutos despu\u00e9s la infante se mof\u00f3 con un \u201carriba las <strong>Chivas<\/strong>\u201d, por lo que todos los presentes, rieron.<\/p>\n<p style=\"text-align: center;\"><span style=\"color: #3366ff;\"><a style=\"color: #3366ff;\" href=\"https:\/\/www.futboltotal.com.mx\/2017\/01\/las-famosas-aficionadas-la-liga-mx\/\" target=\"_blank\"><strong>LEER M\u00c1S: Las aficionadas m\u00e1s bellas de Chivas y Pumas<\/strong><\/a><\/span><\/p>\n<blockquote class=\"twitter-tweet\" data-width=\"500\">\n<p lang=\"es\" dir=\"ltr\">Ni\u00f1a: Hola, Palencia<\/p>\n<p>Palencia: Hola<\/p>\n<p>Ni\u00f1a: Arriba las Chivas<\/p>\n<p>-Risas <a href=\"https:\/\/t.co\/ZDdaFF15PS\">pic.twitter.com\/ZDdaFF15PS<\/a><\/p>\n<p>&mdash; Brian Sales (@Brian_BA9) <a href=\"https:\/\/twitter.com\/Brian_BA9\/status\/817463153571360768\">January 6, 2017<\/a><\/p><\/blockquote>\n<p><script async src=\"\/\/platform.twitter.com\/widgets.js\" charset=\"utf-8\"><\/script><\/p>\n<p><strong>S\u00edguenos en Twitter:<\/strong> <a href=\"https:\/\/twitter.com\/MXFutbolTotal\" target=\"_blank\">@MXFutbolTotal<\/a><\/p>\n","protected":false},"excerpt":{"rendered":"<p>Mientras el estratega atend\u00eda a la prensa, una ni\u00f1a le bromea.<\/p>\n","protected":false},"author":20,"featured_media":452165,"comment_status":"closed","ping_status":"closed","sticky":false,"template":"","format":"standard","meta":[],"categories":[5419,2198,3845,4,6433],"tags":[70,1449,74],"_links":{"self":[{"href":"http:\/\/desarrollo.grupomedios.com\/futbol\/wp-json\/wp\/v2\/posts\/452163"}],"collection":[{"href":"http:\/\/desarrollo.grupomedios.com\/futbol\/wp-json\/wp\/v2\/posts"}],"about":[{"href":"http:\/\/desarrollo.grupomedios.com\/futbol\/wp-json\/wp\/v2\/types\/post"}],"author":[{"embeddable":true,"href":"http:\/\/desarrollo.grupomedios.com\/futbol\/wp-json\/wp\/v2\/users\/20"}],"replies":[{"embeddable":true,"href":"http:\/\/desarrollo.grupomedios.com\/futbol\/wp-json\/wp\/v2\/comments?post=452163"}],"version-history":[{"count":0,"href":"http:\/\/desarrollo.grupomedios.com\/futbol\/wp-json\/wp\/v2\/posts\/452163\/revisions"}],"wp:featuredmedia":[{"embeddable":true,"href":"http:\/\/desarrollo.grupomedios.com\/futbol\/wp-json\/wp\/v2\/media\/452165"}],"wp:attachment":[{"href":"http:\/\/desarrollo.grupomedios.com\/futbol\/wp-json\/wp\/v2\/media?parent=452163"}],"wp:term":[{"taxonomy":"category","embeddable":true,"href":"http:\/\/desarrollo.grupomedios.com\/futbol\/wp-json\/wp\/v2\/categories?post=452163"},{"taxonomy":"post_tag","embeddable":true,"href":"http:\/\/desarrollo.grupomedios.com\/futbol\/wp-json\/wp\/v2\/tags?post=452163"}],"curies":[{"name":"wp","href":"https:\/\/api.w.org\/{rel}","templated":true}]}}