{"id":452168,"date":"2017-01-06T16:01:34","date_gmt":"2017-01-06T22:01:34","guid":{"rendered":"https:\/\/www.futboltotal.com.mx\/?p=452168"},"modified":"2017-01-06T16:01:34","modified_gmt":"2017-01-06T22:01:34","slug":"chicharito-nego-generar-mal-ambiente-en-leverkusen","status":"publish","type":"post","link":"http:\/\/desarrollo.grupomedios.com\/futbol\/futbol-internacional\/chicharito-nego-generar-mal-ambiente-en-leverkusen\/2017\/01","title":{"rendered":"&#8216;Chicharito&#8217; neg\u00f3 generar mal ambiente en el Leverkusen"},"content":{"rendered":"<p>S\u00f3lo un d\u00eda despu\u00e9s de que en Alemania se dijera que <a href=\"https:\/\/www.futboltotal.com.mx\/2017\/01\/egoismo-chicharito-forzaria-salida-del-leverkusen\/\">Bayer Leverkusen vender\u00eda a Javier Hern\u00e1ndez por ego\u00edsta y falto de compa\u00f1erismo<\/a>, el propio conjunto teut\u00f3n ha salido al paso para detener la ola de rumores en torno al futuro del futbolista mexicano.<\/p>\n<p>En su cuenta de Twitter, el cuadro de las <em>Aspirinas<\/em> public\u00f3 una fotograf\u00eda\u00a0de <em>Chicharito<\/em> acompa\u00f1ada de una frase del\u00a0delantero durante una entrevista otorgada a la Bundesliga.<\/p>\n<p>&#8220;Me siento muy contento. Con todos me llevo muy bien. Estoy feliz, por eso quiero quedarme&#8221; es la leyenda que aparece junto a la imagen de Javier sosteniendo un peluche del le\u00f3n Brian, la mascota del equipo.<\/p>\n<p>&nbsp;<\/p>\n<blockquote class=\"twitter-tweet\" data-lang=\"es\">\n<p dir=\"ltr\" lang=\"es\">En entrevista con la <a href=\"https:\/\/twitter.com\/hashtag\/Bundesliga?src=hash\">#Bundesliga<\/a>, <a href=\"https:\/\/twitter.com\/CH14_\">@CH14_<\/a> declar\u00f3 lo siguiente: <a href=\"https:\/\/t.co\/Kocy02Hfsm\">pic.twitter.com\/Kocy02Hfsm<\/a><\/p>\n<p>\u2014 Bayer 04 Leverkusen (@bayer04_es) <a href=\"https:\/\/twitter.com\/bayer04_es\/status\/817198621569511424\">6 de enero de 2017<\/a><\/p><\/blockquote>\n<p><script async src=\"\/\/platform.twitter.com\/widgets.js\" charset=\"utf-8\"><\/script><\/p>\n<p>El representante del atacante mexicano, Eduardo Hern\u00e1ndez, ya hab\u00eda reaccionado ante la publicaci\u00f3n del diario Sport Bild, negando rotundamente en entrevista para Fox Sports lo\u00a0manifestado por el rotativo.<\/p>\n<p>&nbsp;<\/p>\n<p>\u201c\u00c9l tiene una muy buena relaci\u00f3n profesional, es un profesional, el grupo de lo que yo conozco es unido y te lo puedo decir, los compa\u00f1eros lo saludan y platican con \u00e9l, los alemanes no son latinos, no son tan abiertos ni expresivos, dentro de lo que cabe la relaci\u00f3n de Javier es sumamente buena con sus compa\u00f1eros.<\/p>\n<p>\u201cEl director deportivo me dijo: &#8220;No entiendo por qu\u00e9 est\u00e1n sacando este tipo de cosas; entonces, como dec\u00eda, es una nota de mala leche, no sabemos si est\u00e1 dirigida o no, mientras nosotros tengamos la comunicaci\u00f3n real y directa, lo dem\u00e1s no importa, hay que ser profesionales y Javier sabe lo que tiene que hacer en el Bayer\u201d, declar\u00f3 Hern\u00e1ndez.<\/p>\n<p><a href=\"https:\/\/www.futboltotal.com.mx\/2017\/01\/chicharito-los-30-mejores-deportistas-menores-30\/\">LEER M\u00c1S: &#8216;CHICHARITO&#8217;, ENTRE LOS 30 MEJORES DEPORTISTAS MENORES DE 30<\/a><\/p>\n<p>&nbsp;<\/p>\n","protected":false},"excerpt":{"rendered":"<p>El equipo alem\u00e1n us\u00f3 una declaraci\u00f3n de Hern\u00e1ndez para descartar la salida del mexicano.<\/p>\n","protected":false},"author":20,"featured_media":407499,"comment_status":"closed","ping_status":"closed","sticky":false,"template":"","format":"standard","meta":[],"categories":[3839,6822,6718],"tags":[4335,119,120,5985,549,4343],"_links":{"self":[{"href":"http:\/\/desarrollo.grupomedios.com\/futbol\/wp-json\/wp\/v2\/posts\/452168"}],"collection":[{"href":"http:\/\/desarrollo.grupomedios.com\/futbol\/wp-json\/wp\/v2\/posts"}],"about":[{"href":"http:\/\/desarrollo.grupomedios.com\/futbol\/wp-json\/wp\/v2\/types\/post"}],"author":[{"embeddable":true,"href":"http:\/\/desarrollo.grupomedios.com\/futbol\/wp-json\/wp\/v2\/users\/20"}],"replies":[{"embeddable":true,"href":"http:\/\/desarrollo.grupomedios.com\/futbol\/wp-json\/wp\/v2\/comments?post=452168"}],"version-history":[{"count":0,"href":"http:\/\/desarrollo.grupomedios.com\/futbol\/wp-json\/wp\/v2\/posts\/452168\/revisions"}],"wp:featuredmedia":[{"embeddable":true,"href":"http:\/\/desarrollo.grupomedios.com\/futbol\/wp-json\/wp\/v2\/media\/407499"}],"wp:attachment":[{"href":"http:\/\/desarrollo.grupomedios.com\/futbol\/wp-json\/wp\/v2\/media?parent=452168"}],"wp:term":[{"taxonomy":"category","embeddable":true,"href":"http:\/\/desarrollo.grupomedios.com\/futbol\/wp-json\/wp\/v2\/categories?post=452168"},{"taxonomy":"post_tag","embeddable":true,"href":"http:\/\/desarrollo.grupomedios.com\/futbol\/wp-json\/wp\/v2\/tags?post=452168"}],"curies":[{"name":"wp","href":"https:\/\/api.w.org\/{rel}","templated":true}]}}