{"id":452207,"date":"2017-01-06T19:30:01","date_gmt":"2017-01-07T01:30:01","guid":{"rendered":"https:\/\/www.futboltotal.com.mx\/?p=452207"},"modified":"2017-01-06T19:31:22","modified_gmt":"2017-01-07T01:31:22","slug":"luis-garcia-postigo-seria-accionista-de-chivas","status":"publish","type":"post","link":"http:\/\/desarrollo.grupomedios.com\/futbol\/cambio-de-juego\/luis-garcia-postigo-seria-accionista-de-chivas\/2017\/01","title":{"rendered":"Luis Garc\u00eda Postigo ser\u00eda accionista de Chivas"},"content":{"rendered":"<p><strong>Luis Garc\u00eda Postigo<\/strong> ha estado muy de cerca de <strong>Chivas<\/strong>, en v\u00edsperas del encuentro entre el <em>Reba\u00f1o Sagrado<\/em> y Pumas, de la jornada 1 del Clausura 2017; al parecer para hacer negocios, relacionados con su empresa de jerseys futboleros y de paso saludar a los jugadores del Guadalajara, durante su visita a tierras tapat\u00edas; aunque hay medios que aseguran que su v\u00ednculo con el conjunto <em>rojiblanco<\/em> se ha vuelto m\u00e1s cercano.<\/p>\n<blockquote class=\"twitter-tweet\" data-width=\"500\">\n<p lang=\"es\" dir=\"ltr\">La foto m\u00e1s cara del <a href=\"https:\/\/twitter.com\/hashtag\/CaskaritaTeam?src=hash\">#CaskaritaTeam<\/a>, el <a href=\"https:\/\/twitter.com\/hashtag\/HartoReba%C3%B1o?src=hash\">#HartoReba\u00f1o<\/a> <a href=\"https:\/\/twitter.com\/puliidooo\">@puliidooo<\/a> y su majestad <a href=\"https:\/\/twitter.com\/GarciaPosti\">@GarciaPosti<\/a> tirando rostro con el mero mero, yo. <a href=\"https:\/\/t.co\/xvUhpqbEY6\">pic.twitter.com\/xvUhpqbEY6<\/a><\/p>\n<p>&mdash; CASKARITA \u26bd (@Caskarita1) <a href=\"https:\/\/twitter.com\/Caskarita1\/status\/817429573126262786\">January 6, 2017<\/a><\/p><\/blockquote>\n<p><script async src=\"\/\/platform.twitter.com\/widgets.js\" charset=\"utf-8\"><\/script><\/p>\n<p style=\"text-align: center;\"><span style=\"color: #3366ff;\"><a style=\"color: #3366ff;\" href=\"https:\/\/www.futboltotal.com.mx\/2017\/01\/las-famosas-aficionadas-la-liga-mx\/\" target=\"_blank\"><strong>LEER M\u00c1S: Las famosas y sexys aficionadas de Chivas<\/strong><\/a><\/span><\/p>\n<p>De acuerdo al portal de <em>Tiempo Real<\/em>, Jorge Vergara qued\u00f3 bastante desprotegido en cuesti\u00f3n financiera, por los refuerzos que ha fichado para <strong>Chivas<\/strong>, en los \u00faltimos meses, por eso ha buscado socios, tanto para su plataforma de Internet, como para el club, por ello <strong>Luis Garc\u00eda<\/strong>, habr\u00eda llegado a convertirse en un accionista minoritario, que ayudar\u00e1 a subsanar la econom\u00eda <em>rojiblanca<\/em>.<\/p>\n<p><a href=\"https:\/\/www.futboltotal.com.mx\/wp-content\/uploads\/2017\/01\/nota-luis-garcia.jpg\"><img decoding=\"async\" loading=\"lazy\" class=\"alignnone size-full wp-image-452212\" src=\"https:\/\/www.futboltotal.com.mx\/wp-content\/uploads\/2017\/01\/nota-luis-garcia.jpg\" alt=\"nota-luis-garcia\" srcset=\"http:\/\/desarrollo.grupomedios.com\/futbol\/wp-content\/uploads\/2017\/01\/nota-luis-garcia.jpg 1136w, http:\/\/desarrollo.grupomedios.com\/futbol\/wp-content\/uploads\/2017\/01\/nota-luis-garcia-300x169.jpg 300w, http:\/\/desarrollo.grupomedios.com\/futbol\/wp-content\/uploads\/2017\/01\/nota-luis-garcia-768x432.jpg 768w, http:\/\/desarrollo.grupomedios.com\/futbol\/wp-content\/uploads\/2017\/01\/nota-luis-garcia-1024x576.jpg 1024w, http:\/\/desarrollo.grupomedios.com\/futbol\/wp-content\/uploads\/2017\/01\/nota-luis-garcia-317x178.jpg 317w, http:\/\/desarrollo.grupomedios.com\/futbol\/wp-content\/uploads\/2017\/01\/nota-luis-garcia-535x301.jpg 535w, http:\/\/desarrollo.grupomedios.com\/futbol\/wp-content\/uploads\/2017\/01\/nota-luis-garcia-374x210.jpg 374w\" sizes=\"(max-width: 1136px) 100vw, 1136px\" \/><\/a><\/p>\n<p>Cabe destacar que a <strong>Luis Garc\u00eda Postigo<\/strong> ya se le hab\u00eda relacionado con la administraci\u00f3n de un club de Liga MX recientemente, se trata del Atlas, quien viv\u00eda una reestructuraci\u00f3n, a mediados de 2016.<\/p>\n<blockquote class=\"twitter-tweet\" data-width=\"500\">\n<p lang=\"es\" dir=\"ltr\">Hartas gracias a mi compadre <a href=\"https:\/\/twitter.com\/brizuela27_cone\">@brizuela27_cone<\/a> por haber ido a la firma de aut\u00f3grafos de <a href=\"https:\/\/twitter.com\/Caskarita1\">@Caskarita1<\/a>. Crack carajo! <a href=\"https:\/\/t.co\/Rm7VpyIPzw\">pic.twitter.com\/Rm7VpyIPzw<\/a><\/p>\n<p>&mdash; Luis Garc\u00eda P (@GarciaPosti) <a href=\"https:\/\/twitter.com\/GarciaPosti\/status\/817199766605938688\">January 6, 2017<\/a><\/p><\/blockquote>\n<p><script async src=\"\/\/platform.twitter.com\/widgets.js\" charset=\"utf-8\"><\/script><\/p>\n<p><strong>S\u00edguenos en Twitter<\/strong>: <a href=\"https:\/\/twitter.com\/MXFutbolTotal\" target=\"_blank\">@MXFutbolTotal<\/a><\/p>\n","protected":false},"excerpt":{"rendered":"<p>Afirman que el ex futbolista colabor\u00f3 con capital para el Reba\u00f1o Sagrado.<\/p>\n","protected":false},"author":20,"featured_media":452209,"comment_status":"closed","ping_status":"closed","sticky":false,"template":"","format":"standard","meta":[],"categories":[5419],"tags":[70,6965],"_links":{"self":[{"href":"http:\/\/desarrollo.grupomedios.com\/futbol\/wp-json\/wp\/v2\/posts\/452207"}],"collection":[{"href":"http:\/\/desarrollo.grupomedios.com\/futbol\/wp-json\/wp\/v2\/posts"}],"about":[{"href":"http:\/\/desarrollo.grupomedios.com\/futbol\/wp-json\/wp\/v2\/types\/post"}],"author":[{"embeddable":true,"href":"http:\/\/desarrollo.grupomedios.com\/futbol\/wp-json\/wp\/v2\/users\/20"}],"replies":[{"embeddable":true,"href":"http:\/\/desarrollo.grupomedios.com\/futbol\/wp-json\/wp\/v2\/comments?post=452207"}],"version-history":[{"count":0,"href":"http:\/\/desarrollo.grupomedios.com\/futbol\/wp-json\/wp\/v2\/posts\/452207\/revisions"}],"wp:featuredmedia":[{"embeddable":true,"href":"http:\/\/desarrollo.grupomedios.com\/futbol\/wp-json\/wp\/v2\/media\/452209"}],"wp:attachment":[{"href":"http:\/\/desarrollo.grupomedios.com\/futbol\/wp-json\/wp\/v2\/media?parent=452207"}],"wp:term":[{"taxonomy":"category","embeddable":true,"href":"http:\/\/desarrollo.grupomedios.com\/futbol\/wp-json\/wp\/v2\/categories?post=452207"},{"taxonomy":"post_tag","embeddable":true,"href":"http:\/\/desarrollo.grupomedios.com\/futbol\/wp-json\/wp\/v2\/tags?post=452207"}],"curies":[{"name":"wp","href":"https:\/\/api.w.org\/{rel}","templated":true}]}}