{"id":452313,"date":"2017-01-07T11:13:46","date_gmt":"2017-01-07T17:13:46","guid":{"rendered":"https:\/\/www.futboltotal.com.mx\/?p=452313"},"modified":"2017-01-07T11:13:46","modified_gmt":"2017-01-07T17:13:46","slug":"cristiano-dedico-balon-oro-a-aficion-del-madrid","status":"publish","type":"post","link":"http:\/\/desarrollo.grupomedios.com\/futbol\/futbol-internacional\/cristiano-dedico-balon-oro-a-aficion-del-madrid\/2017\/01","title":{"rendered":"Cristiano dedic\u00f3 Bal\u00f3n de Oro a afici\u00f3n del Madrid"},"content":{"rendered":"<p>El delantero portugu\u00e9s <strong>Cristiano Ronaldo<\/strong> recibi\u00f3 este s\u00e1bado su cuarto Bal\u00f3n de Oro de manos de Francisco Gento y dedic\u00f3 el galard\u00f3n a la afici\u00f3n del Real Madrid rodeado de varias de las leyendas del club blanco como Raymond Kopa, Michael Owen, Luis Figo, Ronaldo Nazario y Zinedine Zidane, que tambi\u00e9n poseen el trofeo.<\/p>\n<p>https:\/\/twitter.com\/realmadrid\/status\/817763890591318016<\/p>\n<p>El centrocampista brasile\u00f1o Kak\u00e1 y el defensa italiano Fabio Cannavaro, ganadores del Bal\u00f3n de Oro en 2007 y 2006, respectivamente, no pudieron estar en el Santiago Bernab\u00e9u pero dejaron un mensaje para el portugu\u00e9s, antes del partido frente al Granada.<\/p>\n<p>&#8220;Eres un crack, un fen\u00f3meno y un ejemplo para todos&#8221;, dijo Kak\u00e1.<\/p>\n<p style=\"text-align: center;\"><span style=\"color: #3366ff;\"><a style=\"color: #3366ff;\" href=\"https:\/\/www.futboltotal.com.mx\/2017\/01\/real-madrid-le-da-una-manita-a-ochoa-granada\/\">LEER M\u00c1S: Real Madrid le da una manita a Ochoa y el Granada<\/a><\/span><\/p>\n<p><a href=\"https:\/\/www.futboltotal.com.mx\/wp-content\/uploads\/2017\/01\/figuras-real-madrid.jpg\"><img decoding=\"async\" loading=\"lazy\" class=\"alignnone size-full wp-image-452314\" src=\"https:\/\/www.futboltotal.com.mx\/wp-content\/uploads\/2017\/01\/figuras-real-madrid.jpg\" alt=\"figuras-real-madrid\" srcset=\"http:\/\/desarrollo.grupomedios.com\/futbol\/wp-content\/uploads\/2017\/01\/figuras-real-madrid.jpg 1136w, http:\/\/desarrollo.grupomedios.com\/futbol\/wp-content\/uploads\/2017\/01\/figuras-real-madrid-300x169.jpg 300w, http:\/\/desarrollo.grupomedios.com\/futbol\/wp-content\/uploads\/2017\/01\/figuras-real-madrid-768x432.jpg 768w, http:\/\/desarrollo.grupomedios.com\/futbol\/wp-content\/uploads\/2017\/01\/figuras-real-madrid-1024x576.jpg 1024w, http:\/\/desarrollo.grupomedios.com\/futbol\/wp-content\/uploads\/2017\/01\/figuras-real-madrid-317x178.jpg 317w, http:\/\/desarrollo.grupomedios.com\/futbol\/wp-content\/uploads\/2017\/01\/figuras-real-madrid-535x301.jpg 535w, http:\/\/desarrollo.grupomedios.com\/futbol\/wp-content\/uploads\/2017\/01\/figuras-real-madrid-374x210.jpg 374w\" sizes=\"(max-width: 1136px) 100vw, 1136px\" \/><\/a><\/p>\n<p>Cristiano Ronaldo acumula cuatro trofeos del Bal\u00f3n de Oro, uno como jugador del Manchester United (2008) y los otros tres en el Real Madrid (2013, 2014 y 2016). EFE<\/p>\n","protected":false},"excerpt":{"rendered":"<p>Raymond Kopa, Michael Owen, Luis Figo y Ronaldo Nazario estuvieron presentes.<\/p>\n","protected":false},"author":144,"featured_media":452315,"comment_status":"closed","ping_status":"closed","sticky":false,"template":"","format":"standard","meta":[],"categories":[3839,3844,5951],"tags":[6013,5988],"_links":{"self":[{"href":"http:\/\/desarrollo.grupomedios.com\/futbol\/wp-json\/wp\/v2\/posts\/452313"}],"collection":[{"href":"http:\/\/desarrollo.grupomedios.com\/futbol\/wp-json\/wp\/v2\/posts"}],"about":[{"href":"http:\/\/desarrollo.grupomedios.com\/futbol\/wp-json\/wp\/v2\/types\/post"}],"author":[{"embeddable":true,"href":"http:\/\/desarrollo.grupomedios.com\/futbol\/wp-json\/wp\/v2\/users\/144"}],"replies":[{"embeddable":true,"href":"http:\/\/desarrollo.grupomedios.com\/futbol\/wp-json\/wp\/v2\/comments?post=452313"}],"version-history":[{"count":0,"href":"http:\/\/desarrollo.grupomedios.com\/futbol\/wp-json\/wp\/v2\/posts\/452313\/revisions"}],"wp:featuredmedia":[{"embeddable":true,"href":"http:\/\/desarrollo.grupomedios.com\/futbol\/wp-json\/wp\/v2\/media\/452315"}],"wp:attachment":[{"href":"http:\/\/desarrollo.grupomedios.com\/futbol\/wp-json\/wp\/v2\/media?parent=452313"}],"wp:term":[{"taxonomy":"category","embeddable":true,"href":"http:\/\/desarrollo.grupomedios.com\/futbol\/wp-json\/wp\/v2\/categories?post=452313"},{"taxonomy":"post_tag","embeddable":true,"href":"http:\/\/desarrollo.grupomedios.com\/futbol\/wp-json\/wp\/v2\/tags?post=452313"}],"curies":[{"name":"wp","href":"https:\/\/api.w.org\/{rel}","templated":true}]}}