{"id":452399,"date":"2017-01-07T18:33:22","date_gmt":"2017-01-08T00:33:22","guid":{"rendered":"https:\/\/www.futboltotal.com.mx\/?p=452399"},"modified":"2017-01-07T18:33:22","modified_gmt":"2017-01-08T00:33:22","slug":"michael-owen-trollea-a-ronaldo-sobrepeso","status":"publish","type":"post","link":"http:\/\/desarrollo.grupomedios.com\/futbol\/futbol-internacional\/michael-owen-trollea-a-ronaldo-sobrepeso\/2017\/01","title":{"rendered":"Michael Owen trollea a Ronaldo por su &#8216;figura&#8217;"},"content":{"rendered":"<p>Durante la presentaci\u00f3n del Real Madrid en el Santiago Bernab\u00e9u ante el Granada, el conjunto Merengue tuvo como invitados a las figuras que formaron a los\u00a0<em>Gal\u00e1cticos <\/em>que estuvieron\u00a0hasta el a\u00f1o 2006.<\/p>\n<p>Entre ellos se encontraron el brasile\u00f1o Ronaldo, el portugu\u00e9s Luis Figo, el t\u00e9cnico del equipo, Zinedine Zidane y el ingl\u00e9s Michael Owen, este \u00faltimo que dio de qu\u00e9 hablar en su regreso a la casa blanca.<\/p>\n<p style=\"text-align: center;\"><span style=\"color: #3366ff;\"><a style=\"color: #3366ff;\" href=\"https:\/\/www.futboltotal.com.mx\/2017\/01\/cristiano-dedico-balon-oro-a-aficion-del-madrid\/\">LEER M\u00c1S: Cristiano dedic\u00f3 Bal\u00f3n de Oro a afici\u00f3n del Madrid<\/a><\/span><\/p>\n<p>El\u00a0<em>Ni\u00f1o Maravilla\u00a0<\/em>entr\u00f3 en pol\u00e9mica al criticar la figura del ex astro brasile\u00f1o en su cuenta de Twitter:\u00a0\u201cPens\u00e9 que estaba ganando peso hasta que vi a mi viejo compa\u00f1ero Ronnie!\u201d.<\/p>\n<blockquote class=\"twitter-tweet\" data-width=\"500\">\n<p lang=\"en\" dir=\"ltr\">I thought I was putting the pounds on until I saw my old mate Ronnie! <a href=\"https:\/\/t.co\/OeuWm23b9s\">pic.twitter.com\/OeuWm23b9s<\/a><\/p>\n<p>&mdash; michael owen (@themichaelowen) <a href=\"https:\/\/twitter.com\/themichaelowen\/status\/817741394529939458\">January 7, 2017<\/a><\/p><\/blockquote>\n<p><script async src=\"\/\/platform.twitter.com\/widgets.js\" charset=\"utf-8\"><\/script><\/p>\n","protected":false},"excerpt":{"rendered":"<p>Owen cuestion\u00f3 la figura del ex jugador brasile\u00f1o.<\/p>\n","protected":false},"author":20,"featured_media":452413,"comment_status":"closed","ping_status":"closed","sticky":false,"template":"","format":"standard","meta":[],"categories":[3839,5951],"tags":[5988],"_links":{"self":[{"href":"http:\/\/desarrollo.grupomedios.com\/futbol\/wp-json\/wp\/v2\/posts\/452399"}],"collection":[{"href":"http:\/\/desarrollo.grupomedios.com\/futbol\/wp-json\/wp\/v2\/posts"}],"about":[{"href":"http:\/\/desarrollo.grupomedios.com\/futbol\/wp-json\/wp\/v2\/types\/post"}],"author":[{"embeddable":true,"href":"http:\/\/desarrollo.grupomedios.com\/futbol\/wp-json\/wp\/v2\/users\/20"}],"replies":[{"embeddable":true,"href":"http:\/\/desarrollo.grupomedios.com\/futbol\/wp-json\/wp\/v2\/comments?post=452399"}],"version-history":[{"count":0,"href":"http:\/\/desarrollo.grupomedios.com\/futbol\/wp-json\/wp\/v2\/posts\/452399\/revisions"}],"wp:featuredmedia":[{"embeddable":true,"href":"http:\/\/desarrollo.grupomedios.com\/futbol\/wp-json\/wp\/v2\/media\/452413"}],"wp:attachment":[{"href":"http:\/\/desarrollo.grupomedios.com\/futbol\/wp-json\/wp\/v2\/media?parent=452399"}],"wp:term":[{"taxonomy":"category","embeddable":true,"href":"http:\/\/desarrollo.grupomedios.com\/futbol\/wp-json\/wp\/v2\/categories?post=452399"},{"taxonomy":"post_tag","embeddable":true,"href":"http:\/\/desarrollo.grupomedios.com\/futbol\/wp-json\/wp\/v2\/tags?post=452399"}],"curies":[{"name":"wp","href":"https:\/\/api.w.org\/{rel}","templated":true}]}}