{"id":452587,"date":"2017-01-08T10:03:12","date_gmt":"2017-01-08T16:03:12","guid":{"rendered":"https:\/\/www.futboltotal.com.mx\/?p=452587"},"modified":"2017-01-08T10:03:12","modified_gmt":"2017-01-08T16:03:12","slug":"mexicana-nayeli-rangel-ya-ejerce-liderazgo-en-sporting-huelva","status":"publish","type":"post","link":"http:\/\/desarrollo.grupomedios.com\/futbol\/futbol-internacional\/mexicana-nayeli-rangel-ya-ejerce-liderazgo-en-sporting-huelva\/2017\/01","title":{"rendered":"Mexicana Nayeli Rangel ya ejerce liderazgo en Sporting Huelva"},"content":{"rendered":"<p class=\"DETALLE_N_titulo \"><span id=\"ctl14_lblMostra\">Los Campos Federativos de La Orden (Huelva) divisaron por primera vez el desempe\u00f1o de la centrocampista mexicana <strong>Nayeli Rangel<\/strong>, quien este domingo disfrut\u00f3 de sus primeros minutos como jugadora del <strong>Sporting de Huelva<\/strong>.<\/span><\/p>\n<p>Nayeli Rangel form\u00f3 como titular en el triunfo, por 3-2, de su nuevo equipo ante la UD Tacuense, correspondiente a la decimoquinta jornada de la Liga Iberdrola de f\u00fatbol femenino.<\/p>\n<p>Antonio Toledo mostr\u00f3 su plena confianza en los tres fichajes invernales al incluir a Nayeli Rangel, a la finlandesa Jenny Dannielsson y a la rumana Laura Rus en su primer &#8216;once&#8217; de 2017.<\/p>\n<p class=\"DETALLE_N_titulo \"><span id=\"ctl14_lblMostra\"><a href=\"https:\/\/www.futboltotal.com.mx\/2017\/01\/mexicana-nayeli-rangel-llega-al-futbol-espanol-como-figura\/\">LEER M\u00c1S: MEXICANA NAYELI RANGEL LLEGA AL FUTBOL ESPA\u00d1OL COMO FIGURA<\/a><\/span><\/p>\n<p>Las tres jugadoras est\u00e1n llamadas a liderar el crecimiento del conjunto onubense, ganador de la Copa de la Reina en 2015 y aspirante a repetir conquista en el torneo que cerrar\u00e1 la actual campa\u00f1a.<\/p>\n<p>Con ese prop\u00f3sito desembarc\u00f3 en Espa\u00f1a la talentosa jugadora mexicana, encumbrada por los dirigentes del club como la &#8220;estrella&#8221; del equipo. El agente de la futbolista, Arkaitz Coca, contribuy\u00f3 igualmente a elevar las expectativas depositadas sobre la capitana del combinado azteca al definir a su representada, de 24 a\u00f1os, como &#8220;candidata a ser top-10 mundial en los pr\u00f3ximos a\u00f1os&#8221;.<\/p>\n<p>Medi\u00e1tica es ya la nueva jugadora del Sporting de Huelva. Nayeli Rangel, que particip\u00f3 en los Mundiales de Alemania 2011 y Canad\u00e1 2015 con su selecci\u00f3n, es una celebridad en M\u00e9xico. Con honores fue presentada esta semana en el Sal\u00f3n Rojo de la Casa Col\u00f3n.<\/p>\n<p>En el acto, el t\u00e9cnico Antonio Toledo destac\u00f3 su &#8220;experiencia, su car\u00e1cter y su ambici\u00f3n ganadora&#8221;. Estas cualidades ya las exhibi\u00f3 en su estreno con la camiseta blanquiazul.<\/p>\n<p>&nbsp;<\/p>\n<blockquote class=\"twitter-tweet\" data-lang=\"es\">\n<p dir=\"ltr\" lang=\"es\">&#x1f4dd; Ficha T\u00e9cnica de la Jornada 15 <a href=\"https:\/\/twitter.com\/hashtag\/LigaIberdrola?src=hash\">#LigaIberdrola<\/a> <a href=\"https:\/\/twitter.com\/LaLiga\">@LaLiga<\/a><\/p>\n<p>&#x1f499; <a href=\"https:\/\/twitter.com\/hashtag\/OrgullososDeTi?src=hash\">#OrgullososDeTi<\/a> <a href=\"https:\/\/t.co\/O0cnU1zmy8\">pic.twitter.com\/O0cnU1zmy8<\/a><\/p>\n<p>\u2014 Sporting Club Huelva (@sportinghuelva) <a href=\"https:\/\/twitter.com\/sportinghuelva\/status\/818117917246156802\">8 de enero de 2017<\/a><\/p><\/blockquote>\n<p><script async src=\"\/\/platform.twitter.com\/widgets.js\" charset=\"utf-8\"><\/script><\/p>\n<p>Con el n\u00famero 11 a la espalda, Rangel hizo realidad &#8220;el sue\u00f1o de jugar en esta liga que cada vez se escucha m\u00e1s en el extranjero&#8221;.<\/p>\n<p>&#8220;Estoy con ganas e ilusi\u00f3n de estar con mis nuevas compa\u00f1eras y ayudar a conseguir objetivos ilusionantes&#8221;, asegur\u00f3.<\/p>\n<p>&nbsp;<\/p>\n<blockquote class=\"twitter-tweet\" data-lang=\"es\">\n<p dir=\"ltr\" lang=\"es\">Termina el partido en los Campos Federativos de La Orden <a href=\"https:\/\/twitter.com\/hashtag\/LigaIberdrola?src=hash\">#LigaIberdrola<\/a> <a href=\"https:\/\/twitter.com\/LaLiga\">@LaLiga<\/a> <a href=\"https:\/\/t.co\/ysL8rTrk8F\">pic.twitter.com\/ysL8rTrk8F<\/a><\/p>\n<p>\u2014 Sporting Club Huelva (@sportinghuelva) <a href=\"https:\/\/twitter.com\/sportinghuelva\/status\/818078345996931073\">8 de enero de 2017<\/a><\/p><\/blockquote>\n<p><script async src=\"\/\/platform.twitter.com\/widgets.js\" charset=\"utf-8\"><\/script><\/p>\n<p>Su contribuci\u00f3n en el primer partido de 2017 se vio deslucida, no obstante, por el doblete de la rumana Laura Rus. En su regreso a Huelva, la atacante lider\u00f3 el triunfo del Sporting de Huelva con dos goles. Tras el tanto inicial, obra de Cristina Mart\u00edn-Prieto, la rumana elev\u00f3 a tres goles la ventaja del conjunto local.<\/p>\n<p>La UD Tacuense, colista de la Liga Iberdrola, reaccion\u00f3 en el segundo parcial pero los aciertos de Patricia Ojeda &#8216;Pachu&#8217; -en una falta lejana- y de Nisa P\u00e9rez fueron insuficientes. De esta manera, el primer partido de Nayeli Rangel con el Sporting de Huelva termin\u00f3 con victoria (3-2).<\/p>\n<p class=\"DETALLE_N_titulo \"><a href=\"https:\/\/www.futboltotal.com.mx\/2016\/12\/nayeli-rangel-nuevo-fichaje-del-sporting-huelva\/\">LEER M\u00c1S: NAYELI RANGEL, NUEVO FICHAJE DEL SPORTING HUELVA<\/a><\/p>\n","protected":false},"excerpt":{"rendered":"<p>La futbolista mexicana hizo su debut en la Liga Iberdrola de f\u00fatbol femenino.<\/p>\n","protected":false},"author":144,"featured_media":451870,"comment_status":"closed","ping_status":"closed","sticky":false,"template":"","format":"standard","meta":[],"categories":[3839,3844,6718],"tags":[5506,7794,7968],"_links":{"self":[{"href":"http:\/\/desarrollo.grupomedios.com\/futbol\/wp-json\/wp\/v2\/posts\/452587"}],"collection":[{"href":"http:\/\/desarrollo.grupomedios.com\/futbol\/wp-json\/wp\/v2\/posts"}],"about":[{"href":"http:\/\/desarrollo.grupomedios.com\/futbol\/wp-json\/wp\/v2\/types\/post"}],"author":[{"embeddable":true,"href":"http:\/\/desarrollo.grupomedios.com\/futbol\/wp-json\/wp\/v2\/users\/144"}],"replies":[{"embeddable":true,"href":"http:\/\/desarrollo.grupomedios.com\/futbol\/wp-json\/wp\/v2\/comments?post=452587"}],"version-history":[{"count":0,"href":"http:\/\/desarrollo.grupomedios.com\/futbol\/wp-json\/wp\/v2\/posts\/452587\/revisions"}],"wp:featuredmedia":[{"embeddable":true,"href":"http:\/\/desarrollo.grupomedios.com\/futbol\/wp-json\/wp\/v2\/media\/451870"}],"wp:attachment":[{"href":"http:\/\/desarrollo.grupomedios.com\/futbol\/wp-json\/wp\/v2\/media?parent=452587"}],"wp:term":[{"taxonomy":"category","embeddable":true,"href":"http:\/\/desarrollo.grupomedios.com\/futbol\/wp-json\/wp\/v2\/categories?post=452587"},{"taxonomy":"post_tag","embeddable":true,"href":"http:\/\/desarrollo.grupomedios.com\/futbol\/wp-json\/wp\/v2\/tags?post=452587"}],"curies":[{"name":"wp","href":"https:\/\/api.w.org\/{rel}","templated":true}]}}