{"id":452699,"date":"2017-01-08T17:44:48","date_gmt":"2017-01-08T23:44:48","guid":{"rendered":"https:\/\/www.futboltotal.com.mx\/?p=452699"},"modified":"2017-01-08T17:46:12","modified_gmt":"2017-01-08T23:46:12","slug":"morelia-oficial-ultimo-fichaje","status":"publish","type":"post","link":"http:\/\/desarrollo.grupomedios.com\/futbol\/futbol-mexicano\/morelia-oficial-ultimo-fichaje\/2017\/01","title":{"rendered":"Morelia hace oficial un \u00faltimo fichaje"},"content":{"rendered":"<p>Monarcas no pudo contenerse al ver el desempe\u00f1o de su futbolista Ra\u00fal Ruid\u00edaz, el peruano no ha dejado de enamorar a la afici\u00f3n de Morelia desde que lleg\u00f3 a tierras mexicanas y es por eso que el club ha decidido hacer valida la opci\u00f3n de compra por el futbolista.<\/p>\n<p>Ruid\u00edaz convenci\u00f3 a la directiva luego de marcar ante Xolos en la jornada inaugural del Clausura 2017. El delantero de Per\u00fa fue campe\u00f3n de goleo en el Apertura 2016.<\/p>\n<p>El jugador inca, fich\u00f3 por tres temporadas m\u00e1s con Monarcas y buscar\u00e1 seguir por el mismo camino con el que termin\u00f3 el a\u00f1o pasado.<\/p>\n<p>La afici\u00f3n ha reaccionado de la mejor manera la contrataci\u00f3n Ra\u00fal.<\/p>\n<blockquote class=\"twitter-tweet\" data-width=\"500\">\n<p lang=\"es\" dir=\"ltr\">Se ha hecho v\u00e1lida la opci\u00f3n de compra de <a href=\"https:\/\/twitter.com\/RaulRuidiazM\">@RaulRuidiazM<\/a>, vestir\u00e1 rojiamarillo el <a href=\"https:\/\/twitter.com\/hashtag\/CL2017?src=hash\">#CL2017<\/a> y tres temporadas m\u00e1s, \u00a1a luchar cada partido! <a href=\"https:\/\/t.co\/8PF817It5I\">pic.twitter.com\/8PF817It5I<\/a><\/p>\n<p>&mdash; Monarcas Morelia (@FuerzaMonarca) <a href=\"https:\/\/twitter.com\/FuerzaMonarca\/status\/817960956819021826\">January 8, 2017<\/a><\/p><\/blockquote>\n<p><script async src=\"\/\/platform.twitter.com\/widgets.js\" charset=\"utf-8\"><\/script><\/p>\n","protected":false},"excerpt":{"rendered":"<p>Morelia hace valida la opci\u00f3n de compra por Ra\u00fal Ruid\u00edaz.<\/p>\n","protected":false},"author":20,"featured_media":452700,"comment_status":"closed","ping_status":"closed","sticky":false,"template":"","format":"standard","meta":[],"categories":[2198,3845],"tags":[5967,7620],"_links":{"self":[{"href":"http:\/\/desarrollo.grupomedios.com\/futbol\/wp-json\/wp\/v2\/posts\/452699"}],"collection":[{"href":"http:\/\/desarrollo.grupomedios.com\/futbol\/wp-json\/wp\/v2\/posts"}],"about":[{"href":"http:\/\/desarrollo.grupomedios.com\/futbol\/wp-json\/wp\/v2\/types\/post"}],"author":[{"embeddable":true,"href":"http:\/\/desarrollo.grupomedios.com\/futbol\/wp-json\/wp\/v2\/users\/20"}],"replies":[{"embeddable":true,"href":"http:\/\/desarrollo.grupomedios.com\/futbol\/wp-json\/wp\/v2\/comments?post=452699"}],"version-history":[{"count":0,"href":"http:\/\/desarrollo.grupomedios.com\/futbol\/wp-json\/wp\/v2\/posts\/452699\/revisions"}],"wp:featuredmedia":[{"embeddable":true,"href":"http:\/\/desarrollo.grupomedios.com\/futbol\/wp-json\/wp\/v2\/media\/452700"}],"wp:attachment":[{"href":"http:\/\/desarrollo.grupomedios.com\/futbol\/wp-json\/wp\/v2\/media?parent=452699"}],"wp:term":[{"taxonomy":"category","embeddable":true,"href":"http:\/\/desarrollo.grupomedios.com\/futbol\/wp-json\/wp\/v2\/categories?post=452699"},{"taxonomy":"post_tag","embeddable":true,"href":"http:\/\/desarrollo.grupomedios.com\/futbol\/wp-json\/wp\/v2\/tags?post=452699"}],"curies":[{"name":"wp","href":"https:\/\/api.w.org\/{rel}","templated":true}]}}