{"id":452777,"date":"2017-01-08T20:21:58","date_gmt":"2017-01-09T02:21:58","guid":{"rendered":"https:\/\/www.futboltotal.com.mx\/?p=452777"},"modified":"2017-01-09T09:20:32","modified_gmt":"2017-01-09T15:20:32","slug":"memes-la-jornada-1-del-clausura-2017","status":"publish","type":"post","link":"http:\/\/desarrollo.grupomedios.com\/futbol\/futbol-mexicano\/memes-la-jornada-1-del-clausura-2017\/2017\/01","title":{"rendered":"Los memes de la jornada 1 del Clausura 2017"},"content":{"rendered":"<p>Termin\u00f3 la jornada 1 del futbol mexicano y algunos equipos sorprendieron al empezar el a\u00f1o con el pie derecho, otros simplemente fueron la decepci\u00f3n del fin de semana<\/p>\n<p>Como era de esperarse las burlas se hicieron sentir y los MEMES no nos quedaron mal en la primera fecha del futbol mexicano tomando como v\u00edctimas a todos lo equipos de la Liga MX.<\/p>\n<div id=\"galleryr66\" style=\"display:none;\"><img alt=\"\" src=\"http:\/\/desarrollo.grupomedios.com\/futbol\/wp-content\/uploads\/2017\/01\/15823102_1287550077969820_2486314684891967082_n.jpg\" data-image=\"http:\/\/desarrollo.grupomedios.com\/futbol\/wp-content\/uploads\/2017\/01\/15823102_1287550077969820_2486314684891967082_n.jpg\" data-description=\"15823102_1287550077969820_2486314684891967082_n\"><img alt=\"\" src=\"http:\/\/desarrollo.grupomedios.com\/futbol\/wp-content\/uploads\/2017\/01\/15826001_1287463154645179_3138513613655844110_n.jpg\" data-image=\"http:\/\/desarrollo.grupomedios.com\/futbol\/wp-content\/uploads\/2017\/01\/15826001_1287463154645179_3138513613655844110_n.jpg\" data-description=\"15826001_1287463154645179_3138513613655844110_n\"><img alt=\"\" src=\"http:\/\/desarrollo.grupomedios.com\/futbol\/wp-content\/uploads\/2017\/01\/15826357_1287551451303016_8737748540131035972_n.jpg\" data-image=\"http:\/\/desarrollo.grupomedios.com\/futbol\/wp-content\/uploads\/2017\/01\/15826357_1287551451303016_8737748540131035972_n.jpg\" data-description=\"15826357_1287551451303016_8737748540131035972_n\"><img alt=\"\" src=\"http:\/\/desarrollo.grupomedios.com\/futbol\/wp-content\/uploads\/2017\/01\/15826486_1287817867943041_7275960810046801811_n.jpg\" data-image=\"http:\/\/desarrollo.grupomedios.com\/futbol\/wp-content\/uploads\/2017\/01\/15826486_1287817867943041_7275960810046801811_n.jpg\" data-description=\"15826486_1287817867943041_7275960810046801811_n\"><img alt=\"\" src=\"http:\/\/desarrollo.grupomedios.com\/futbol\/wp-content\/uploads\/2017\/01\/15826813_1391143300936068_435521228647124362_n.jpg\" data-image=\"http:\/\/desarrollo.grupomedios.com\/futbol\/wp-content\/uploads\/2017\/01\/15826813_1391143300936068_435521228647124362_n.jpg\" data-description=\"15826813_1391143300936068_435521228647124362_n\"><img alt=\"\" src=\"http:\/\/desarrollo.grupomedios.com\/futbol\/wp-content\/uploads\/2017\/01\/15871499_1287830317941796_2137210388853402166_n.jpg\" data-image=\"http:\/\/desarrollo.grupomedios.com\/futbol\/wp-content\/uploads\/2017\/01\/15871499_1287830317941796_2137210388853402166_n.jpg\" data-description=\"15871499_1287830317941796_2137210388853402166_n\"><img alt=\"\" src=\"http:\/\/desarrollo.grupomedios.com\/futbol\/wp-content\/uploads\/2017\/01\/15871980_1288921487832679_4664755401376136684_n.jpg\" data-image=\"http:\/\/desarrollo.grupomedios.com\/futbol\/wp-content\/uploads\/2017\/01\/15871980_1288921487832679_4664755401376136684_n.jpg\" data-description=\"15871980_1288921487832679_4664755401376136684_n\"><img alt=\"\" src=\"http:\/\/desarrollo.grupomedios.com\/futbol\/wp-content\/uploads\/2017\/01\/15872005_1287434067981421_3844672579646781903_n.jpg\" data-image=\"http:\/\/desarrollo.grupomedios.com\/futbol\/wp-content\/uploads\/2017\/01\/15872005_1287434067981421_3844672579646781903_n.jpg\" data-description=\"15872005_1287434067981421_3844672579646781903_n\"><img alt=\"\" src=\"http:\/\/desarrollo.grupomedios.com\/futbol\/wp-content\/uploads\/2017\/01\/15894225_1287930624598432_5822747194490797300_n.jpg\" data-image=\"http:\/\/desarrollo.grupomedios.com\/futbol\/wp-content\/uploads\/2017\/01\/15894225_1287930624598432_5822747194490797300_n.jpg\" data-description=\"15894225_1287930624598432_5822747194490797300_n\"><img alt=\"\" src=\"http:\/\/desarrollo.grupomedios.com\/futbol\/wp-content\/uploads\/2017\/01\/15894302_1287554397969388_8810276873727351836_n.jpg\" data-image=\"http:\/\/desarrollo.grupomedios.com\/futbol\/wp-content\/uploads\/2017\/01\/15894302_1287554397969388_8810276873727351836_n.jpg\" data-description=\"15894302_1287554397969388_8810276873727351836_n\"><img alt=\"\" src=\"http:\/\/desarrollo.grupomedios.com\/futbol\/wp-content\/uploads\/2017\/01\/15894940_1391191454264586_2630885831686721437_n.jpg\" data-image=\"http:\/\/desarrollo.grupomedios.com\/futbol\/wp-content\/uploads\/2017\/01\/15894940_1391191454264586_2630885831686721437_n.jpg\" data-description=\"15894940_1391191454264586_2630885831686721437_n\"><img alt=\"\" src=\"http:\/\/desarrollo.grupomedios.com\/futbol\/wp-content\/uploads\/2017\/01\/15895141_1287372741320887_5947142201924315894_n.jpg\" data-image=\"http:\/\/desarrollo.grupomedios.com\/futbol\/wp-content\/uploads\/2017\/01\/15895141_1287372741320887_5947142201924315894_n.jpg\" data-description=\"15895141_1287372741320887_5947142201924315894_n\"><img alt=\"\" src=\"http:\/\/desarrollo.grupomedios.com\/futbol\/wp-content\/uploads\/2017\/01\/15937099_1390389937678071_3232282186396558947_o.jpg\" data-image=\"http:\/\/desarrollo.grupomedios.com\/futbol\/wp-content\/uploads\/2017\/01\/15937099_1390389937678071_3232282186396558947_o.jpg\" data-description=\"15937099_1390389937678071_3232282186396558947_o\"><img alt=\"\" src=\"http:\/\/desarrollo.grupomedios.com\/futbol\/wp-content\/uploads\/2017\/01\/15940387_1390528874330844_5054225765714846000_n.jpg\" data-image=\"http:\/\/desarrollo.grupomedios.com\/futbol\/wp-content\/uploads\/2017\/01\/15940387_1390528874330844_5054225765714846000_n.jpg\" data-description=\"15940387_1390528874330844_5054225765714846000_n\"><img alt=\"\" src=\"http:\/\/desarrollo.grupomedios.com\/futbol\/wp-content\/uploads\/2017\/01\/15965805_1287813447943483_7061868809726010453_n.jpg\" data-image=\"http:\/\/desarrollo.grupomedios.com\/futbol\/wp-content\/uploads\/2017\/01\/15965805_1287813447943483_7061868809726010453_n.jpg\" data-description=\"15965805_1287813447943483_7061868809726010453_n\"><img alt=\"\" src=\"http:\/\/desarrollo.grupomedios.com\/futbol\/wp-content\/uploads\/2017\/01\/15966226_1287749767949851_4428612323018951451_n.jpg\" data-image=\"http:\/\/desarrollo.grupomedios.com\/futbol\/wp-content\/uploads\/2017\/01\/15966226_1287749767949851_4428612323018951451_n.jpg\" data-description=\"15966226_1287749767949851_4428612323018951451_n\"><\/div>\n        <script>\n        \/\/galeria 1\n        jQuery(document).ready(function(){ \n            var api;\n            api = jQuery(\"#galleryr66\").unitegallery({\n                carousel_autoplay: false\n            }); \n        });\n        <\/script>\n        \n","protected":false},"excerpt":{"rendered":"<p>Las redes sociales se burlaron de lo acontecido en la jornada 1.<\/p>\n","protected":false},"author":20,"featured_media":452794,"comment_status":"closed","ping_status":"closed","sticky":false,"template":"","format":"standard","meta":[],"categories":[5419,7570,2198,3845],"tags":[3936,5959,5961,5964,70,5962,5963,5965,5966,261,5968,5969,5970,5972,5973,5974],"_links":{"self":[{"href":"http:\/\/desarrollo.grupomedios.com\/futbol\/wp-json\/wp\/v2\/posts\/452777"}],"collection":[{"href":"http:\/\/desarrollo.grupomedios.com\/futbol\/wp-json\/wp\/v2\/posts"}],"about":[{"href":"http:\/\/desarrollo.grupomedios.com\/futbol\/wp-json\/wp\/v2\/types\/post"}],"author":[{"embeddable":true,"href":"http:\/\/desarrollo.grupomedios.com\/futbol\/wp-json\/wp\/v2\/users\/20"}],"replies":[{"embeddable":true,"href":"http:\/\/desarrollo.grupomedios.com\/futbol\/wp-json\/wp\/v2\/comments?post=452777"}],"version-history":[{"count":0,"href":"http:\/\/desarrollo.grupomedios.com\/futbol\/wp-json\/wp\/v2\/posts\/452777\/revisions"}],"wp:featuredmedia":[{"embeddable":true,"href":"http:\/\/desarrollo.grupomedios.com\/futbol\/wp-json\/wp\/v2\/media\/452794"}],"wp:attachment":[{"href":"http:\/\/desarrollo.grupomedios.com\/futbol\/wp-json\/wp\/v2\/media?parent=452777"}],"wp:term":[{"taxonomy":"category","embeddable":true,"href":"http:\/\/desarrollo.grupomedios.com\/futbol\/wp-json\/wp\/v2\/categories?post=452777"},{"taxonomy":"post_tag","embeddable":true,"href":"http:\/\/desarrollo.grupomedios.com\/futbol\/wp-json\/wp\/v2\/tags?post=452777"}],"curies":[{"name":"wp","href":"https:\/\/api.w.org\/{rel}","templated":true}]}}