{"id":452829,"date":"2017-01-09T12:19:08","date_gmt":"2017-01-09T18:19:08","guid":{"rendered":"https:\/\/www.futboltotal.com.mx\/?p=452829"},"modified":"2017-01-09T12:46:34","modified_gmt":"2017-01-09T18:46:34","slug":"cristiano-ronaldo-messi-comandan-once-ideal-2016","status":"publish","type":"post","link":"http:\/\/desarrollo.grupomedios.com\/futbol\/futbol-internacional\/cristiano-ronaldo-messi-comandan-once-ideal-2016\/2017\/01","title":{"rendered":"Cristiano y un Messi ausente comandan el Once Ideal del 2016"},"content":{"rendered":"<p class=\"DETALLE_N_titulo \"><span id=\"ctl14_lblMostra\">Cinco jugadores del <strong>Real Madrid<\/strong> y cuatro del <strong>Barcelona<\/strong>, junto al brasile\u00f1os Dani Alv\u00e9s (Juventus Tur\u00edn) y el alem\u00e1n Manuel Neuer (Bayern Munich), figuran en el <strong>Once Ideal de 2016<\/strong> de la <strong>FIFA FIFPro<\/strong> (Sindicato de Futbolistas Profesionales), seg\u00fan se ha anunciado este lunes en la gala &#8220;<strong>The Best<\/strong>&#8220;.<\/span><\/p>\n<p>Los cinco jugadores madridistas son los defensas Sergio Ramos y el brasile\u00f1o Marcelo, los centrocampistas croata Luka Modric y alem\u00e1n Toni Kroos, y el delantero portugu\u00e9s Cristiano Ronaldo.<\/p>\n<p>Los integrantes de Barcelona seleccionados para el Once Ideal son el defensa Gerard Piqu\u00e9, el centrocampista Andr\u00e9s Iniesta, y los delanteros uruguayo Luis Su\u00e1rez y argentino Leo Messi.<\/p>\n<p>&nbsp;<\/p>\n<blockquote class=\"twitter-tweet\" data-lang=\"es\">\n<p dir=\"ltr\" lang=\"de\"><a href=\"https:\/\/twitter.com\/hashtag\/TheBest?src=hash\">#TheBest<\/a> Here is your FIFA FIFPro <a href=\"https:\/\/twitter.com\/World11\">@World11<\/a> &#x1f64c;<a href=\"https:\/\/t.co\/LO8lWBKxpn\">https:\/\/t.co\/LO8lWBKxpn<\/a> <a href=\"https:\/\/t.co\/OPFDHNNWVe\">pic.twitter.com\/OPFDHNNWVe<\/a><\/p>\n<p>\u2014 FIFA.com (@FIFAcom) <a href=\"https:\/\/twitter.com\/FIFAcom\/status\/818513383431532544\">9 de enero de 2017<\/a><\/p><\/blockquote>\n<p><script async src=\"\/\/platform.twitter.com\/widgets.js\" charset=\"utf-8\"><\/script><\/p>\n<p>Completan la lista de elegidos, y \u00fanicos que no est\u00e1n actualmente en el campeonato nacional liguero espa\u00f1ol, el meta Neur y el defensa Alves, quien milit\u00f3 en el Barcelona hasta junio de 2016, cuando fich\u00f3 por el Juventus Tur\u00edn.<\/p>\n<p>El once ideal 2016 est\u00e1 formado por: Neuer; Dani Alves, Gerard Piqu\u00e9, Sergio Ramos, Marcelo; Modric, Iniesta, Kroos; Messi, Luis Su\u00e1rez, Cristiano Ronaldo.<\/p>\n<p>&nbsp;<\/p>\n<blockquote class=\"twitter-tweet\" data-lang=\"es\">\n<p dir=\"ltr\" lang=\"en\">&#x1f4f8; <a href=\"https:\/\/twitter.com\/hashtag\/TheBest?src=hash\">#TheBest<\/a> selfie of the night<a href=\"https:\/\/t.co\/LO8lWBKxpn\">https:\/\/t.co\/LO8lWBKxpn<\/a> <a href=\"https:\/\/t.co\/QNXYkvDW39\">pic.twitter.com\/QNXYkvDW39<\/a><\/p>\n<p>\u2014 FIFA.com (@FIFAcom) <a href=\"https:\/\/twitter.com\/FIFAcom\/status\/818517051019034628\">9 de enero de 2017<\/a><\/p><\/blockquote>\n<p><script async src=\"\/\/platform.twitter.com\/widgets.js\" charset=\"utf-8\"><\/script><\/p>\n<p>En relaci\u00f3n al Once Ideal de 2015, repiten Neur, Alves, Sergio Ramos, Marcelo, Modric, Iniesta, Messi y Cristiano Ronaldo.<\/p>\n<p class=\"DETALLE_N_titulo \"><a href=\"https:\/\/www.futboltotal.com.mx\/2017\/01\/ningun-jugador-barcelona-viajo-gala-fifa-se-indigno\/\">LEER M\u00c1S: NING\u00daN JUGADOR DEL BARCELONA VIAJ\u00d3 A LA GALA DE FIFA<\/a><\/p>\n","protected":false},"excerpt":{"rendered":"<p>Cinco jugadores del Real Madrid y cuatro del Barcelona coparon el equipo de la FIFA.<\/p>\n","protected":false},"author":144,"featured_media":452831,"comment_status":"closed","ping_status":"closed","sticky":false,"template":"","format":"standard","meta":[],"categories":[7573,3839],"tags":[6013,5983,1293,6016,477,6841,1197,248,841,6020,6910],"_links":{"self":[{"href":"http:\/\/desarrollo.grupomedios.com\/futbol\/wp-json\/wp\/v2\/posts\/452829"}],"collection":[{"href":"http:\/\/desarrollo.grupomedios.com\/futbol\/wp-json\/wp\/v2\/posts"}],"about":[{"href":"http:\/\/desarrollo.grupomedios.com\/futbol\/wp-json\/wp\/v2\/types\/post"}],"author":[{"embeddable":true,"href":"http:\/\/desarrollo.grupomedios.com\/futbol\/wp-json\/wp\/v2\/users\/144"}],"replies":[{"embeddable":true,"href":"http:\/\/desarrollo.grupomedios.com\/futbol\/wp-json\/wp\/v2\/comments?post=452829"}],"version-history":[{"count":0,"href":"http:\/\/desarrollo.grupomedios.com\/futbol\/wp-json\/wp\/v2\/posts\/452829\/revisions"}],"wp:featuredmedia":[{"embeddable":true,"href":"http:\/\/desarrollo.grupomedios.com\/futbol\/wp-json\/wp\/v2\/media\/452831"}],"wp:attachment":[{"href":"http:\/\/desarrollo.grupomedios.com\/futbol\/wp-json\/wp\/v2\/media?parent=452829"}],"wp:term":[{"taxonomy":"category","embeddable":true,"href":"http:\/\/desarrollo.grupomedios.com\/futbol\/wp-json\/wp\/v2\/categories?post=452829"},{"taxonomy":"post_tag","embeddable":true,"href":"http:\/\/desarrollo.grupomedios.com\/futbol\/wp-json\/wp\/v2\/tags?post=452829"}],"curies":[{"name":"wp","href":"https:\/\/api.w.org\/{rel}","templated":true}]}}