{"id":452849,"date":"2017-01-09T13:52:41","date_gmt":"2017-01-09T19:52:41","guid":{"rendered":"https:\/\/www.futboltotal.com.mx\/?p=452849"},"modified":"2017-01-09T14:13:31","modified_gmt":"2017-01-09T20:13:31","slug":"cristiano-ronaldo-elegido-the-best","status":"publish","type":"post","link":"http:\/\/desarrollo.grupomedios.com\/futbol\/destacado-home\/cristiano-ronaldo-elegido-the-best\/2017\/01","title":{"rendered":"Cristiano Ronaldo, elegido ganador del premio The Best 2016"},"content":{"rendered":"<p class=\"DETALLE_N_titulo \"><span id=\"ctl14_lblMostra\"><strong>Cristiano Ronaldo<\/strong>, delantero del <strong>Real Madrid<\/strong>, ha sido galardonado con el Premio &#8216;<strong>The Best<\/strong>&#8216; como mejor jugador del mundo en 2016, galard\u00f3n que a\u00f1ade al <strong>Bal\u00f3n de Oro<\/strong> que le entreg\u00f3 en diciembre la publicaci\u00f3n &#8216;France Football&#8217;.<\/span><\/p>\n<p>En una gala que tuvo lugar en los Estudios TPC (Technology and Production Center) de Z\u00farich, Cristiano Ronaldo, que posee cuatro Balones de Oro, encontr\u00f3 un nuevo reconocimiento por el que \u00e9l mismo consider\u00f3 mejor a\u00f1o de su carrera.<\/p>\n<p>El jugador de Madeira coron\u00f3 2016 con la consecuci\u00f3n con el Real Madrid de la Liga de Campeones, la Supercopa de Europa -no jug\u00f3 en Trondheim ante el Sevilla por lesi\u00f3n- y el Mundial de Clubes y adem\u00e1s capitane\u00f3 a la selecci\u00f3n de Portugal que consigui\u00f3 por primera vez en su historia el t\u00edtulo continental en Francia 2016, aunque en la final apenas pudo estar en el terreno de juego por lesi\u00f3n.<\/p>\n<p>&nbsp;<\/p>\n<blockquote class=\"twitter-video\" data-lang=\"es\">\n<p dir=\"ltr\" lang=\"es\">&#x1f3c6;&#x1f1f5;&#x1f1f9; \u00a1<a href=\"https:\/\/twitter.com\/Cristiano\">@Cristiano<\/a>, elegido Mejor Jugador en los premios &#8216;The Best FIFA 2016&#8217;!<\/p>\n<p>\u00a1Enhorabuena! &#x1f44f;<a href=\"https:\/\/twitter.com\/hashtag\/TheBest?src=hash\">#TheBest<\/a> <a href=\"https:\/\/twitter.com\/hashtag\/HalaMadrid?src=hash\">#HalaMadrid<\/a> <a href=\"https:\/\/t.co\/7htTUZr7L7\">pic.twitter.com\/7htTUZr7L7<\/a><\/p>\n<p>\u2014 Real Madrid C. F. (@realmadrid) <a href=\"https:\/\/twitter.com\/realmadrid\/status\/818530631797731328\">9 de enero de 2017<\/a><\/p><\/blockquote>\n<p><script async src=\"\/\/platform.twitter.com\/widgets.js\" charset=\"utf-8\"><\/script><\/p>\n<p>Cristiano Ronaldo, que recibi\u00f3 el premio de manos del presidente de la FIFA, el suizo Gianni Infantino, no dudo en afirmar que 2016 ha sido un a\u00f1o &#8220;incre\u00edble&#8221;, que no olvidar\u00e1 nunca.<\/p>\n<p>&#8220;Es incre\u00edble. Este premio es la primera vez que lo recibo&#8230; \u00bfqu\u00e9 puedo decir?. Deseo dar las gracias en primer lugar a mis compa\u00f1eros de equipo, del Real Madrid, al entrenador tambi\u00e9n, y a todo los de la selecci\u00f3n (portuguesa). Gracias. Y a mi familia&#8221;, dijo Ronaldo, tras recoger el galard\u00f3n.<\/p>\n<blockquote class=\"twitter-tweet\" data-lang=\"es\">\n<p dir=\"ltr\" lang=\"en\">Congratulations, <a href=\"https:\/\/twitter.com\/Cristiano\">@Cristiano<\/a> Ronaldo!<br \/>\nWinner of <a href=\"https:\/\/twitter.com\/hashtag\/TheBest?src=hash\">#TheBest<\/a> FIFA Men&#8217;s Player 2016 &#x1f3c6; <a href=\"https:\/\/t.co\/6kNMWROFce\">pic.twitter.com\/6kNMWROFce<\/a><\/p>\n<p>\u2014 FIFA.com (@FIFAcom) <a href=\"https:\/\/twitter.com\/FIFAcom\/status\/818530648596090880\">9 de enero de 2017<\/a><\/p><\/blockquote>\n<p><script async src=\"\/\/platform.twitter.com\/widgets.js\" charset=\"utf-8\"><\/script><\/p>\n<p>&nbsp;<\/p>\n<p>El delantero portugu\u00e9s, asimismo, apunt\u00f3: &#8220;2016 ha sido el mejor a\u00f1o en mi carrera, sin duda ninguna. Fue un a\u00f1o magnifico a nivel personal y deportivo, he conseguido todo lo que se pod\u00eda conseguir. Nunca olvidar\u00e9 2016&#8221;.<\/p>\n<p><iframe loading=\"lazy\" src=\"https:\/\/www.youtube.com\/embed\/RXu-IsL_Zs8\" frameborder=\"0\" allowfullscreen=\"allowfullscreen\"><\/iframe><\/p>\n<p>Ronaldo, que tambi\u00e9n dio las gracias a todos los que le han votado para este galard\u00f3n, se despidi\u00f3 se\u00f1alando: &#8220;No tengo m\u00e1s que decir. Creo que el premio habla por si mismo. Estoy muy feliz. Gracias a todos&#8221;.<\/p>\n<p class=\"DETALLE_N_titulo \"><a href=\"https:\/\/www.futboltotal.com.mx\/2017\/01\/cristiano-ronaldo-messi-comandan-once-ideal-2016\/\">LEER M\u00c1S: CRISTIANO Y UN AUSENTE MESSI LIDERAN EL 11 IDEAL DEL 2016<\/a><\/p>\n","protected":false},"excerpt":{"rendered":"<p>El portugu\u00e9s coron\u00f3 2016 ganando todo con el Real Madrid y la primera Eurocopa para Portugal.<\/p>\n","protected":false},"author":144,"featured_media":452850,"comment_status":"closed","ping_status":"closed","sticky":false,"template":"","format":"standard","meta":[],"categories":[7542,5,7573,3839],"tags":[739,1496,6013,361,5988,1504,7588],"_links":{"self":[{"href":"http:\/\/desarrollo.grupomedios.com\/futbol\/wp-json\/wp\/v2\/posts\/452849"}],"collection":[{"href":"http:\/\/desarrollo.grupomedios.com\/futbol\/wp-json\/wp\/v2\/posts"}],"about":[{"href":"http:\/\/desarrollo.grupomedios.com\/futbol\/wp-json\/wp\/v2\/types\/post"}],"author":[{"embeddable":true,"href":"http:\/\/desarrollo.grupomedios.com\/futbol\/wp-json\/wp\/v2\/users\/144"}],"replies":[{"embeddable":true,"href":"http:\/\/desarrollo.grupomedios.com\/futbol\/wp-json\/wp\/v2\/comments?post=452849"}],"version-history":[{"count":0,"href":"http:\/\/desarrollo.grupomedios.com\/futbol\/wp-json\/wp\/v2\/posts\/452849\/revisions"}],"wp:featuredmedia":[{"embeddable":true,"href":"http:\/\/desarrollo.grupomedios.com\/futbol\/wp-json\/wp\/v2\/media\/452850"}],"wp:attachment":[{"href":"http:\/\/desarrollo.grupomedios.com\/futbol\/wp-json\/wp\/v2\/media?parent=452849"}],"wp:term":[{"taxonomy":"category","embeddable":true,"href":"http:\/\/desarrollo.grupomedios.com\/futbol\/wp-json\/wp\/v2\/categories?post=452849"},{"taxonomy":"post_tag","embeddable":true,"href":"http:\/\/desarrollo.grupomedios.com\/futbol\/wp-json\/wp\/v2\/tags?post=452849"}],"curies":[{"name":"wp","href":"https:\/\/api.w.org\/{rel}","templated":true}]}}