{"id":452863,"date":"2017-01-09T14:03:10","date_gmt":"2017-01-09T20:03:10","guid":{"rendered":"https:\/\/www.futboltotal.com.mx\/?p=452863"},"modified":"2017-01-09T14:06:30","modified_gmt":"2017-01-09T20:06:30","slug":"cristiano-ronaldo-seguro-en-ganar-premio","status":"publish","type":"post","link":"http:\/\/desarrollo.grupomedios.com\/futbol\/futbol-internacional\/cristiano-ronaldo-seguro-en-ganar-premio\/2017\/01","title":{"rendered":"CR7 estaba seguro en ganar el premio The Best"},"content":{"rendered":"<p><strong>Cristiano Ronaldo<\/strong>, elegido hoy en la gala <em>The Best<\/em> de la FIFA como mejor jugador del mundo en 2016, indic\u00f3 que &#8220;no ten\u00eda dudas&#8221; de que iba a recibir el galard\u00f3n.<\/p>\n<p>En declaraciones a Real Madrid TV indic\u00f3 que estaba &#8220;muy contento&#8221; por vivir &#8220;una noche inolvidable&#8221; a nivel personal, en la que tambi\u00e9n fue incluido en el mejor once del curso.<\/p>\n<p>https:\/\/twitter.com\/realmadrid\/status\/818530631797731328<\/p>\n<p style=\"text-align: center;\"><a href=\"https:\/\/www.futboltotal.com.mx\/2017\/01\/malayo-mohd-faiz-subri-premio-puskas-al-mejor-gol-2016\/\"><span style=\"color: #3366ff;\">LEER M\u00c1S: El malayo Mohd Faiz Subri, Premio Puskas al mejor gol 2016<\/span><\/a><\/p>\n<p>&#8220;No ten\u00eda dudas. Algunos hicieron campa\u00f1a contra m\u00ed tanto en el futbol como fuera. Pero cuando lo mereces la gente lo reconoce y estaba confiado&#8221;, dijo.<\/p>\n<p>Y en cuanto al hecho de que en las votaciones participaran los jugadores, coment\u00f3 que tambi\u00e9n valora el hecho de que elijan periodistas y aficionados. &#8220;Hay que respetar la opini\u00f3n de cada uno, vivimos una democracia, cada uno tiene sus gustos y respetar estas decisiones&#8221;, se\u00f1al\u00f3.<\/p>\n<p>Tambi\u00e9n en el canal del Real Madrid, el croata Luka Modric, tambi\u00e9n incluido en el once, se\u00f1al\u00f3 que era &#8220;una recompensa a todo el trabajo de este a\u00f1o con el Real Madrid y la selecci\u00f3n tambi\u00e9n, es un premio muy bonito&#8221; y dese\u00f3 para 2017 &#8220;estar sano sin lesiones y esperar como siempre a dar m\u00e1ximo en cada partido en el campo para esta camiseta y ojal\u00e1 ayudar a equipo que gana muchos t\u00edtulos este a\u00f1o, como 2016&#8221;.<\/p>\n<p>Sergio Ramos as\u00ed mismo expres\u00f3 su satisfacci\u00f3n por otra &#8220;noche m\u00e1gica, especial&#8221; y agradeci\u00f3 a todos los que le hab\u00edan votado y a los que no lo hicieron, as\u00ed como a los compa\u00f1eros y al cuerpo t\u00e9cnico.<\/p>\n<p>&#8220;Estar dentro del once un a\u00f1o m\u00e1s es el premio al trabajo, al sacrificio y a las horas que dedico a este deporte que amo y me hace feliz&#8221;, dijo el defensa andaluz, que asegur\u00f3 que siempre trata de superarse para tratar de dar m\u00e1s t\u00edtulos al Real Madrid.<\/p>\n<p>En cuanto a <strong>Cristiano Ronaldo<\/strong> se\u00f1al\u00f3 que quiz\u00e1 se le pueda hacer &#8220;un poco rutinario&#8221; el hecho de recoger tantos premios, pero que debe valorar lo que est\u00e1 &#8220;haciendo&#8221;, que es &#8220;impresionante&#8221;, &#8220;muy dif\u00edcil&#8221;.<\/p>\n<p>El brasile\u00f1o Marcelo, otro de los cinco madridistas en el once del a\u00f1o, expres\u00f3 su felicidad por haber cumplido diez a\u00f1os en el club y haber recibido este premio, por el que dio las gracias a su familia, compa\u00f1eros y afici\u00f3n.<\/p>\n<p style=\"text-align: center;\"><a href=\"https:\/\/www.futboltotal.com.mx\/2017\/01\/claudio-ranieri-elegido-mejor-entrenador-2016\/\"><span style=\"color: #3366ff;\">LEER M\u00c1S: Claudio Ranieri, elegido Mejor Entrenador del 2016<\/span><\/a><\/p>\n<p>&#8220;Estoy muy contento. Es un premio muy bonito y solo tengo que agradecer&#8221;, dijo Marcelo, quien agreg\u00f3 que para \u00e9l 2016 no sabe si considerarlo perfecto &#8220;porque quer\u00eda m\u00e1s cosas, pero no me quejo tampoco, estoy muy agradecido y contento por haber ganado este lindo premio&#8221;.<\/p>\n<p>El brasile\u00f1o expres\u00f3 que el Real Madrid &#8220;es una familia&#8221; y que algunos compa\u00f1eros m\u00e1s pod\u00edan haber entrado en el once, porque &#8220;el equipo ha hecho una grand\u00edsima temporada&#8221;.<\/p>\n<p><b>S\u00edguenos en <span id=\"m_-5101416995958655473goog_2054972132\"><\/span>Twitter <a href=\"https:\/\/twitter.com\/MXFutbolTotal\" target=\"_blank\" data-saferedirecturl=\"https:\/\/www.google.com\/url?hl=es&amp;q=https:\/\/twitter.com\/MXFutbolTotal&amp;source=gmail&amp;ust=1484072105355000&amp;usg=AFQjCNEEMelb5K-8_6TAAiJMxqjQ86Q7fg\">@MXFutbolTotal<\/a><\/b><\/p>\n","protected":false},"excerpt":{"rendered":"<p>Su compa\u00f1ero, Sergio Ramos, se\u00f1ala que es rutinario que el luso gane los premios<\/p>\n","protected":false},"author":144,"featured_media":452864,"comment_status":"closed","ping_status":"closed","sticky":false,"template":"","format":"standard","meta":[],"categories":[7542,7573,3839,3844],"tags":[6013,477,5988,6020],"_links":{"self":[{"href":"http:\/\/desarrollo.grupomedios.com\/futbol\/wp-json\/wp\/v2\/posts\/452863"}],"collection":[{"href":"http:\/\/desarrollo.grupomedios.com\/futbol\/wp-json\/wp\/v2\/posts"}],"about":[{"href":"http:\/\/desarrollo.grupomedios.com\/futbol\/wp-json\/wp\/v2\/types\/post"}],"author":[{"embeddable":true,"href":"http:\/\/desarrollo.grupomedios.com\/futbol\/wp-json\/wp\/v2\/users\/144"}],"replies":[{"embeddable":true,"href":"http:\/\/desarrollo.grupomedios.com\/futbol\/wp-json\/wp\/v2\/comments?post=452863"}],"version-history":[{"count":0,"href":"http:\/\/desarrollo.grupomedios.com\/futbol\/wp-json\/wp\/v2\/posts\/452863\/revisions"}],"wp:featuredmedia":[{"embeddable":true,"href":"http:\/\/desarrollo.grupomedios.com\/futbol\/wp-json\/wp\/v2\/media\/452864"}],"wp:attachment":[{"href":"http:\/\/desarrollo.grupomedios.com\/futbol\/wp-json\/wp\/v2\/media?parent=452863"}],"wp:term":[{"taxonomy":"category","embeddable":true,"href":"http:\/\/desarrollo.grupomedios.com\/futbol\/wp-json\/wp\/v2\/categories?post=452863"},{"taxonomy":"post_tag","embeddable":true,"href":"http:\/\/desarrollo.grupomedios.com\/futbol\/wp-json\/wp\/v2\/tags?post=452863"}],"curies":[{"name":"wp","href":"https:\/\/api.w.org\/{rel}","templated":true}]}}