{"id":452979,"date":"2017-01-10T14:02:29","date_gmt":"2017-01-10T20:02:29","guid":{"rendered":"https:\/\/www.futboltotal.com.mx\/?p=452979"},"modified":"2017-01-10T14:02:29","modified_gmt":"2017-01-10T20:02:29","slug":"2016-ano-perfecto-cristiano-ronaldo","status":"publish","type":"post","link":"http:\/\/desarrollo.grupomedios.com\/futbol\/futbol-internacional\/2016-ano-perfecto-cristiano-ronaldo\/2017\/01","title":{"rendered":"2016, el a\u00f1o perfecto de Cristiano Ronaldo"},"content":{"rendered":"<p>El 2016 ser\u00e1 uno de los a\u00f1os m\u00e1s recordados por <strong>Cristiano Ronaldo<\/strong>, pues como \u00e9l mismo lo ha dicho, signific\u00f3 \u00a0&#8220;el m\u00e1s importante de su carrera&#8221; debido a los \u00e9xitos conseguidos con el Real Madrid y la Selecci\u00f3n de Portugal.<\/p>\n<p>Aunque no consigui\u00f3 el t\u00edtulo de Liga con los Merengues, CR7 s\u00ed gan\u00f3 el torneo m\u00e1s importante a nivel de clubes: la UEFA Champions League. Su verano fue pr\u00e1cticamente perfecto, pues adem\u00e1s de\u00a0<em>La Orejona<\/em>, lleg\u00f3 pleno a la Eurocopa de Francia donde consigui\u00f3 levantar el trofeo y darle as\u00ed su primer triunfo internacional en la historia de Portugal.<\/p>\n<p>Por eso y m\u00e1s motivos, <strong>Cristiano Ronaldo<\/strong> siempre recordar\u00e1 el 2016, como su a\u00f1o perfecto.<\/p>\n<p style=\"text-align: center;\"><span style=\"color: #3366ff;\"><a style=\"color: #3366ff;\" href=\"https:\/\/www.futboltotal.com.mx\/2017\/01\/48-selecciones-mundial-2026\/\">LEER M\u00c1S: FIFA aprueba 48 selecciones para el Mundial de 2026<\/a><\/span><\/p>\n<p><script type=\"text\/javascript\" src=\"\/\/cdn.playbuzz.com\/widget\/feed.js\"><\/script><\/p>\n<div class=\"pb_feed\" data-embed-by=\"d43f3879-83ed-40bc-99d7-fde80605466f\" data-game=\"\/futboltotal\/2016-el-a-o-perfecto-de-cristiano-ronaldo\" data-recommend=\"false\" data-game-info=\"false\" data-comments=\"false\" data-shares=\"false\"><\/div>\n","protected":false},"excerpt":{"rendered":"<p>El portugu\u00e9s consigui\u00f3 los t\u00edtulos de la Champions League y la Eurocopa.<\/p>\n","protected":false},"author":20,"featured_media":429067,"comment_status":"closed","ping_status":"closed","sticky":false,"template":"","format":"standard","meta":[],"categories":[7570,3839],"tags":[6013,5988],"_links":{"self":[{"href":"http:\/\/desarrollo.grupomedios.com\/futbol\/wp-json\/wp\/v2\/posts\/452979"}],"collection":[{"href":"http:\/\/desarrollo.grupomedios.com\/futbol\/wp-json\/wp\/v2\/posts"}],"about":[{"href":"http:\/\/desarrollo.grupomedios.com\/futbol\/wp-json\/wp\/v2\/types\/post"}],"author":[{"embeddable":true,"href":"http:\/\/desarrollo.grupomedios.com\/futbol\/wp-json\/wp\/v2\/users\/20"}],"replies":[{"embeddable":true,"href":"http:\/\/desarrollo.grupomedios.com\/futbol\/wp-json\/wp\/v2\/comments?post=452979"}],"version-history":[{"count":0,"href":"http:\/\/desarrollo.grupomedios.com\/futbol\/wp-json\/wp\/v2\/posts\/452979\/revisions"}],"wp:featuredmedia":[{"embeddable":true,"href":"http:\/\/desarrollo.grupomedios.com\/futbol\/wp-json\/wp\/v2\/media\/429067"}],"wp:attachment":[{"href":"http:\/\/desarrollo.grupomedios.com\/futbol\/wp-json\/wp\/v2\/media?parent=452979"}],"wp:term":[{"taxonomy":"category","embeddable":true,"href":"http:\/\/desarrollo.grupomedios.com\/futbol\/wp-json\/wp\/v2\/categories?post=452979"},{"taxonomy":"post_tag","embeddable":true,"href":"http:\/\/desarrollo.grupomedios.com\/futbol\/wp-json\/wp\/v2\/tags?post=452979"}],"curies":[{"name":"wp","href":"https:\/\/api.w.org\/{rel}","templated":true}]}}