{"id":452980,"date":"2017-01-10T13:15:48","date_gmt":"2017-01-10T19:15:48","guid":{"rendered":"https:\/\/www.futboltotal.com.mx\/?p=452980"},"modified":"2017-01-10T13:15:48","modified_gmt":"2017-01-10T19:15:48","slug":"carlos-vela-recayo-lesion-se-resiste-a-operado","status":"publish","type":"post","link":"http:\/\/desarrollo.grupomedios.com\/futbol\/destacado-home\/carlos-vela-recayo-lesion-se-resiste-a-operado\/2017\/01","title":{"rendered":"Carlos Vela recay\u00f3 de su lesi\u00f3n, pero se resiste a ser operado"},"content":{"rendered":"<p>&nbsp;<\/p>\n<p>Las malas noticias vuelven a presentarse para <strong>Carlos Vela<\/strong>. El atacante de la <strong>Real Sociedad<\/strong>, quien fue sustituido en el duelo de su equipo en Liga ante el Sevilla, aparentemente para dosificarlo, ha vuelto a presentar molestias en en el menisco interno de su rodilla\u00a0izquierda.<\/p>\n<p>Las alertas se activan al interior del cuadro vasco, luego de que aparentemente el mexicano ya estaba en \u00f3ptimo estado f\u00edsico y estaba retomando su mejor forma futbol\u00edstica.<\/p>\n<p>&#8220;Las molestias que tiene le impiden estar con las buenas sensaciones con las que estaba ahora. Es m\u00e1s, ha recordado las malas de la pasada temporada, que le impiden estar al cien por cien, y esto lo tenemos que manejar&#8221;, declar\u00f3 Eusebio Sacrist\u00e1n, entrenador de la Real.<\/p>\n<p>Ante esta situaci\u00f3n, Vela se perder\u00e1 el partido de mitad de semana en vuelta de Copa del Rey ante Villarreal y se ignora hasta cuando podr\u00eda volver a trabajar al parejo de sus compa\u00f1eros.<\/p>\n<p><a href=\"https:\/\/www.futboltotal.com.mx\/2017\/01\/elias-hernandez-interesa-en-la-serie-a\/\">LEER M\u00c1S: EL\u00cdAS HERN\u00c1NDEZ INTERESA EN LA SERIE A<\/a><\/p>\n<p>El mexicano apostar\u00e1 por volver a recuperarse por medio de un tratamiento alternativo acompa\u00f1ado de descanso, tal y como lo hizo meses atr\u00e1s cuando se sum\u00f3 al plantel &#8216;Txuri-Urdin&#8217; de manera tard\u00eda para el inicio de la actual campa\u00f1a.<\/p>\n<p>&#8220;Vamos a intentar que el tratamiento del verano, que le fue tan bien, vuelva a tener resultado positivo. Ojal\u00e1 le pudi\u00e9semos tener para el partido del lunes, pero sus sensaciones no son buenas y hay que esperar&#8221;, a\u00f1adi\u00f3\u00a0el entrenador del cuadro vasco.<\/p>\n<p>Los servicios m\u00e9dicos de la Real deben esperar a ver c\u00f3mo reacciona el mexicano, que nuevamente apost\u00f3 por evitar el quir\u00f3fano, aunque de no mejorar pronto todo indicar\u00eda que el camino a seguir es el ser operado.<\/p>\n<p><a href=\"https:\/\/www.futboltotal.com.mx\/2017\/01\/guardado-daria-cualquier-cosa-llegar-a-cuartos-del-mundial\/\">LEER M\u00c1S: GUARDADO: DAR\u00cdA CUALQUIER COSA POR LLEGAR A CUARTOS DEL MUNDIAL<\/a><\/p>\n","protected":false},"excerpt":{"rendered":"<p>Las alertas se activan al interior del cuadro vasco con la baja del delantero mexicano.<\/p>\n","protected":false},"author":20,"featured_media":447119,"comment_status":"closed","ping_status":"closed","sticky":false,"template":"","format":"standard","meta":[],"categories":[5,3839,3844,6718,3847],"tags":[6048,76,102,103,2418],"_links":{"self":[{"href":"http:\/\/desarrollo.grupomedios.com\/futbol\/wp-json\/wp\/v2\/posts\/452980"}],"collection":[{"href":"http:\/\/desarrollo.grupomedios.com\/futbol\/wp-json\/wp\/v2\/posts"}],"about":[{"href":"http:\/\/desarrollo.grupomedios.com\/futbol\/wp-json\/wp\/v2\/types\/post"}],"author":[{"embeddable":true,"href":"http:\/\/desarrollo.grupomedios.com\/futbol\/wp-json\/wp\/v2\/users\/20"}],"replies":[{"embeddable":true,"href":"http:\/\/desarrollo.grupomedios.com\/futbol\/wp-json\/wp\/v2\/comments?post=452980"}],"version-history":[{"count":0,"href":"http:\/\/desarrollo.grupomedios.com\/futbol\/wp-json\/wp\/v2\/posts\/452980\/revisions"}],"wp:featuredmedia":[{"embeddable":true,"href":"http:\/\/desarrollo.grupomedios.com\/futbol\/wp-json\/wp\/v2\/media\/447119"}],"wp:attachment":[{"href":"http:\/\/desarrollo.grupomedios.com\/futbol\/wp-json\/wp\/v2\/media?parent=452980"}],"wp:term":[{"taxonomy":"category","embeddable":true,"href":"http:\/\/desarrollo.grupomedios.com\/futbol\/wp-json\/wp\/v2\/categories?post=452980"},{"taxonomy":"post_tag","embeddable":true,"href":"http:\/\/desarrollo.grupomedios.com\/futbol\/wp-json\/wp\/v2\/tags?post=452980"}],"curies":[{"name":"wp","href":"https:\/\/api.w.org\/{rel}","templated":true}]}}