{"id":452984,"date":"2017-01-10T14:23:55","date_gmt":"2017-01-10T20:23:55","guid":{"rendered":"https:\/\/www.futboltotal.com.mx\/?p=452984"},"modified":"2017-01-10T14:23:55","modified_gmt":"2017-01-10T20:23:55","slug":"quintero-apunta-a-la-mls","status":"publish","type":"post","link":"http:\/\/desarrollo.grupomedios.com\/futbol\/futbol-mexicano\/quintero-apunta-a-la-mls\/2017\/01","title":{"rendered":"Futuro de Quintero apunta a la MLS"},"content":{"rendered":"<p>El futuro del delantero\u00a0<strong>Darwin Quintero<\/strong> aun no est\u00e1 definido en <strong>Am\u00e9rica<\/strong>. A pesar de que el club lo coloc\u00f3 en la lista de transferibles para el Apertura 2017, el delantero no ha encontrado acomodo en otro club.<\/p>\n<p>Un posible regreso al balompi\u00e9 de su natal y hasta una incursi\u00f3n en el balompi\u00e9 turco han figurado como sus posibles opciones;\u00a0sin embargo todo ha quedado en especulaciones y el atacante se ha mantenido entrenando con las <em>\u00c1guilas<\/em>, previo al debut del equipo ante Toluca\u00a0el pr\u00f3ximo domingo.<\/p>\n<p style=\"text-align: center;\"><a href=\"https:\/\/www.futboltotal.com.mx\/futbol-mexicano\/\"><span style=\"color: #3366ff;\">LEER M\u00c1S: Todas las noticias de futbol mexicano<\/span><\/a><\/p>\n<p style=\"text-align: left;\">A la lista de posibles destinos de <strong>Quintero<\/strong> se suma la MLS, donde el naturalizado mexicano ha sido colocado entre las posibles contrataciones del San Jos\u00e9 Earthquakes, seg\u00fan revela este martes <em>ESPN.<\/em><\/p>\n<p style=\"text-align: left;\"><strong>Quintero<\/strong>, de 29 a\u00f1os,\u00a0fue ofrecido en la liga estadounidense, cuya pol\u00edtica de contrataciones se\u00f1ala que cuando un club lanza una oferta por alg\u00fan jugador, los equipos que est\u00e1n por encima del mismo en la clasificaci\u00f3n deben renunciar a la adquisici\u00f3n del futbolista para que el resto de los clubes interesados logren concretar alguna operaci\u00f3n.<\/p>\n<p style=\"text-align: left;\">En este tenor, el medio citado se\u00f1ala que San Jos\u00e9 Earthquakes tendr\u00e1 posibilidades de fichar a <strong>Quintero<\/strong>, pues los clubes que los superan en la clasificaci\u00f3n han desestimado la contrataci\u00f3n del <em>cafetalero, <\/em>quien tendr\u00eda un salario cercano al mill\u00f3n de d\u00f3lares.<\/p>\n<p style=\"text-align: left;\">El \u00fanico handicap en la operaci\u00f3n es que el San Jos\u00e9 tambi\u00e9n tienen inter\u00e9s en buscar al delantero marfile\u00f1o del Hertha Berl\u00edn, Salomon Kalou y el club solo tiene presupuesto para fichar a uno de los dos atacantes.<\/p>\n<footer class=\"article-footer\">\n<div class=\"sponsored-links\"><\/div>\n<\/footer>\n<p>&nbsp;<\/p>\n","protected":false},"excerpt":{"rendered":"<p>El delantero colombiano, que aun entrena con Am\u00e9rica, se acerca al San Jos\u00e9 Earthquakes.<\/p>\n","protected":false},"author":20,"featured_media":453007,"comment_status":"closed","ping_status":"closed","sticky":false,"template":"","format":"standard","meta":[],"categories":[2198,3845],"tags":[5959,284,195],"_links":{"self":[{"href":"http:\/\/desarrollo.grupomedios.com\/futbol\/wp-json\/wp\/v2\/posts\/452984"}],"collection":[{"href":"http:\/\/desarrollo.grupomedios.com\/futbol\/wp-json\/wp\/v2\/posts"}],"about":[{"href":"http:\/\/desarrollo.grupomedios.com\/futbol\/wp-json\/wp\/v2\/types\/post"}],"author":[{"embeddable":true,"href":"http:\/\/desarrollo.grupomedios.com\/futbol\/wp-json\/wp\/v2\/users\/20"}],"replies":[{"embeddable":true,"href":"http:\/\/desarrollo.grupomedios.com\/futbol\/wp-json\/wp\/v2\/comments?post=452984"}],"version-history":[{"count":0,"href":"http:\/\/desarrollo.grupomedios.com\/futbol\/wp-json\/wp\/v2\/posts\/452984\/revisions"}],"wp:featuredmedia":[{"embeddable":true,"href":"http:\/\/desarrollo.grupomedios.com\/futbol\/wp-json\/wp\/v2\/media\/453007"}],"wp:attachment":[{"href":"http:\/\/desarrollo.grupomedios.com\/futbol\/wp-json\/wp\/v2\/media?parent=452984"}],"wp:term":[{"taxonomy":"category","embeddable":true,"href":"http:\/\/desarrollo.grupomedios.com\/futbol\/wp-json\/wp\/v2\/categories?post=452984"},{"taxonomy":"post_tag","embeddable":true,"href":"http:\/\/desarrollo.grupomedios.com\/futbol\/wp-json\/wp\/v2\/tags?post=452984"}],"curies":[{"name":"wp","href":"https:\/\/api.w.org\/{rel}","templated":true}]}}