{"id":453139,"date":"2017-01-11T10:02:24","date_gmt":"2017-01-11T16:02:24","guid":{"rendered":"https:\/\/www.futboltotal.com.mx\/?p=453139"},"modified":"2017-01-11T10:02:24","modified_gmt":"2017-01-11T16:02:24","slug":"la-superliga-china-insiste-en-llevarse-a-raul-jimenez","status":"publish","type":"post","link":"http:\/\/desarrollo.grupomedios.com\/futbol\/destacado-home\/la-superliga-china-insiste-en-llevarse-a-raul-jimenez\/2017\/01","title":{"rendered":"La Superliga china insiste en llevarse a Ra\u00fal Jim\u00e9nez"},"content":{"rendered":"<p>No es la primera vez que suena el rumor, por lo que podr\u00eda ir en serio. La <strong>Superliga china<\/strong>, una de las competencias que vive una fiebre de figuras mundiales que llegan a suelo asi\u00e1tico a base de billetazos, tiene en la mira al mexicano <strong>Ra\u00fal Jim\u00e9nez<\/strong>.<\/p>\n<p>De acuerdo a informaci\u00f3n de Marca Claro, dirigentes asi\u00e1ticos\u00a0est\u00e1n en pl\u00e1ticas con el presidente del Benfica, Lu\u00eds Filipe Vieira, quien\u00a0actualmente est\u00e1 pasando unos d\u00edas en China y en su agenda tiene como una de sus prioridades escuchar las ofertas que hay por el ex futbolista del Am\u00e9rica.<\/p>\n<p>Sin embargo, la salida de Jim\u00e9nez a la ex\u00f3tica Liga no ser\u00e1 nada sencilla, particularmente por el tema econ\u00f3mico, ya que el cuadro portugu\u00e9s s\u00f3lo dejar\u00eda ir al delantero en caso de que le pongan sobre la mesa una oferta dif\u00edcil de rechazar, pues a la vez perder\u00edan a un jugador que en ofensiva ha aportado ocho anotaciones en todas las competencias y resulta un suplente\u00a0de garant\u00edas de cara a la lucha por un nuevo t\u00edtulo de la Liga portuguesa y la eliminatoria de Champions League.<\/p>\n<p>No por nada Ra\u00fal es el fichaje m\u00e1s caro en la historia del Benfica, club con el que ya vive su segunda temporada. Los portugueses inicialmente compraron el 50% de su pase al Atl\u00e9tico de Madrid, para m\u00e1s tarde hacerse del resto y desembolsar en total unos 22 millones de euros.<\/p>\n<p>&nbsp;<\/p>\n<blockquote class=\"twitter-tweet\" data-lang=\"es\">\n<p dir=\"ltr\" lang=\"es\">Que venga lo mejor para este 2017. Mis mejores deseos para todos! <a href=\"https:\/\/twitter.com\/hashtag\/feliza%C3%B1o?src=hash\">#feliza\u00f1o<\/a> <a href=\"https:\/\/twitter.com\/hashtag\/a%C3%B1onuevo?src=hash\">#a\u00f1onuevo<\/a> <a href=\"https:\/\/t.co\/Kqf1xCICBN\">pic.twitter.com\/Kqf1xCICBN<\/a><\/p>\n<p>\u2014 Ra\u00fal Jim\u00e9nez (@Raul_Jimenez9) <a href=\"https:\/\/twitter.com\/Raul_Jimenez9\/status\/815547219654934529\">1 de enero de 2017<\/a><\/p><\/blockquote>\n<p><script async src=\"\/\/platform.twitter.com\/widgets.js\" charset=\"utf-8\"><\/script><\/p>\n<p>Incluso, el tema econ\u00f3mico no habr\u00eda definido todo. La \u00faltima palabra la tendr\u00e1n Jim\u00e9nez junto con su pap\u00e1 y representante, Ra\u00fal Jim\u00e9nez Vega, quien en diciembre descart\u00f3 la salida de su hijo del club lusitano precisamente luego de que por primera vez se escucharan rumores que lo vinculaban con el futbol chino.<\/p>\n<p>&#8220;Ra\u00fal es feliz en el Benfica, sabe la oportunidad de que el club le dio para venir aqu\u00ed y quiere seguir haciendo las cosas bien (&#8230;)\u00a0Hay rumores en el mercado de verano y de invierno. Ra\u00fal saldr\u00e1 cuando se presente la oportunidad, pero por el momento no piensa en dejar el Benfica&#8221;, declar\u00f3 su padre y representante.<\/p>\n<p><a href=\"https:\/\/www.futboltotal.com.mx\/2016\/12\/raul-jimenez-rechazo-una-vez-mas-al-futbol-de-china\/\">LEER M\u00c1S: JIM\u00c9NEZ RECHAZ\u00d3 AL FUTBOL DE CHINA<\/a><\/p>\n","protected":false},"excerpt":{"rendered":"<p>El presidente del club portugu\u00e9s viaj\u00f3 a escuchar las ofertas por el delantero mexicano.<\/p>\n","protected":false},"author":20,"featured_media":437915,"comment_status":"closed","ping_status":"closed","sticky":false,"template":"","format":"standard","meta":[],"categories":[5,7501,7740,3839,6718],"tags":[6060,7983,7984,4381,742,6846],"_links":{"self":[{"href":"http:\/\/desarrollo.grupomedios.com\/futbol\/wp-json\/wp\/v2\/posts\/453139"}],"collection":[{"href":"http:\/\/desarrollo.grupomedios.com\/futbol\/wp-json\/wp\/v2\/posts"}],"about":[{"href":"http:\/\/desarrollo.grupomedios.com\/futbol\/wp-json\/wp\/v2\/types\/post"}],"author":[{"embeddable":true,"href":"http:\/\/desarrollo.grupomedios.com\/futbol\/wp-json\/wp\/v2\/users\/20"}],"replies":[{"embeddable":true,"href":"http:\/\/desarrollo.grupomedios.com\/futbol\/wp-json\/wp\/v2\/comments?post=453139"}],"version-history":[{"count":0,"href":"http:\/\/desarrollo.grupomedios.com\/futbol\/wp-json\/wp\/v2\/posts\/453139\/revisions"}],"wp:featuredmedia":[{"embeddable":true,"href":"http:\/\/desarrollo.grupomedios.com\/futbol\/wp-json\/wp\/v2\/media\/437915"}],"wp:attachment":[{"href":"http:\/\/desarrollo.grupomedios.com\/futbol\/wp-json\/wp\/v2\/media?parent=453139"}],"wp:term":[{"taxonomy":"category","embeddable":true,"href":"http:\/\/desarrollo.grupomedios.com\/futbol\/wp-json\/wp\/v2\/categories?post=453139"},{"taxonomy":"post_tag","embeddable":true,"href":"http:\/\/desarrollo.grupomedios.com\/futbol\/wp-json\/wp\/v2\/tags?post=453139"}],"curies":[{"name":"wp","href":"https:\/\/api.w.org\/{rel}","templated":true}]}}