{"id":453144,"date":"2017-01-11T10:11:22","date_gmt":"2017-01-11T16:11:22","guid":{"rendered":"https:\/\/www.futboltotal.com.mx\/?p=453144"},"modified":"2017-01-11T13:30:16","modified_gmt":"2017-01-11T19:30:16","slug":"chicharito-marca-golazo-en-entrenamiento-del-bayer","status":"publish","type":"post","link":"http:\/\/desarrollo.grupomedios.com\/futbol\/futbol-internacional\/chicharito-marca-golazo-en-entrenamiento-del-bayer\/2017\/01","title":{"rendered":"Chicharito marca golazo&#8230; en entrenamiento del Bayer"},"content":{"rendered":"<p>A pesar de que ha sido criticado por la sequ\u00eda de goles que tiene desde el mes de octubre hasta ahora, <strong>Javier Hern\u00e1ndez<\/strong> sigue demostrando, como \u00e9l lo dijo, &#8220;la felicidad que tiene en el mejor momento de su carrera&#8221;, aunque no tenga gol con el Bayer Leverkusen.<\/p>\n<p>As\u00ed lo demostr\u00f3 en el entrenamiento de <em>las aspirinas<\/em> al marcar un golazo en la preparaci\u00f3n de su segundo partido de la Florida Cup. Las redes sociales del Leverkusen no tardaron en presumir el gol y destacaron la velocidad y t\u00e9cnica que mantuvo el delantero mexicano.<\/p>\n<p style=\"text-align: center;\"><span style=\"color: #3366ff;\"><a style=\"color: #3366ff;\" href=\"https:\/\/www.futboltotal.com.mx\/2017\/01\/zinedine-zidane-ambicioso-objetivo-en-madrid\/\">LEER M\u00c1S: Zizou tiene un ambicioso objetivo en el Madrid<\/a><\/span><\/p>\n<p>Como si fuera Neymar, <strong>Chicharito Hern\u00e1ndez<\/strong> inici\u00f3 una jugada de pared con Jedvaj y despu\u00e9s burl\u00f3 a un par de rivales para definir frente al portero con un tiro cruzado.<\/p>\n<p>&nbsp;<\/p>\n<blockquote class=\"twitter-video\" data-lang=\"es\">\n<p dir=\"ltr\" lang=\"es\">Velocidad, t\u00e9cnica, recorte al defensa y&#8230; \u00a1golazo de <a href=\"https:\/\/twitter.com\/CH14_\">@CH14_<\/a>! &#x1f525;\u26bd <a href=\"https:\/\/twitter.com\/hashtag\/B04goesUSA?src=hash\">#B04goesUSA<\/a> <a href=\"https:\/\/t.co\/W4UzV5S4VA\">pic.twitter.com\/W4UzV5S4VA<\/a><\/p>\n<p>\u2014 Bayer 04 Leverkusen (@bayer04_es) <a href=\"https:\/\/twitter.com\/bayer04_es\/status\/819183411847950338\">11 de enero de 2017<\/a><\/p><\/blockquote>\n<p><script async src=\"\/\/platform.twitter.com\/widgets.js\" charset=\"utf-8\"><\/script><\/p>\n<p>Hern\u00e1ndez y el Leverkusen se medir\u00e1n este mi\u00e9rcoles al Atl\u00e9tico Minerio a las 18:00 horas del centro de M\u00e9xico.<\/p>\n","protected":false},"excerpt":{"rendered":"<p>Chicharito fue elogiado por el Bayer Leverkusen.<\/p>\n","protected":false},"author":20,"featured_media":448236,"comment_status":"closed","ping_status":"closed","sticky":false,"template":"","format":"standard","meta":[],"categories":[3839,5951],"tags":[4335,120],"_links":{"self":[{"href":"http:\/\/desarrollo.grupomedios.com\/futbol\/wp-json\/wp\/v2\/posts\/453144"}],"collection":[{"href":"http:\/\/desarrollo.grupomedios.com\/futbol\/wp-json\/wp\/v2\/posts"}],"about":[{"href":"http:\/\/desarrollo.grupomedios.com\/futbol\/wp-json\/wp\/v2\/types\/post"}],"author":[{"embeddable":true,"href":"http:\/\/desarrollo.grupomedios.com\/futbol\/wp-json\/wp\/v2\/users\/20"}],"replies":[{"embeddable":true,"href":"http:\/\/desarrollo.grupomedios.com\/futbol\/wp-json\/wp\/v2\/comments?post=453144"}],"version-history":[{"count":0,"href":"http:\/\/desarrollo.grupomedios.com\/futbol\/wp-json\/wp\/v2\/posts\/453144\/revisions"}],"wp:featuredmedia":[{"embeddable":true,"href":"http:\/\/desarrollo.grupomedios.com\/futbol\/wp-json\/wp\/v2\/media\/448236"}],"wp:attachment":[{"href":"http:\/\/desarrollo.grupomedios.com\/futbol\/wp-json\/wp\/v2\/media?parent=453144"}],"wp:term":[{"taxonomy":"category","embeddable":true,"href":"http:\/\/desarrollo.grupomedios.com\/futbol\/wp-json\/wp\/v2\/categories?post=453144"},{"taxonomy":"post_tag","embeddable":true,"href":"http:\/\/desarrollo.grupomedios.com\/futbol\/wp-json\/wp\/v2\/tags?post=453144"}],"curies":[{"name":"wp","href":"https:\/\/api.w.org\/{rel}","templated":true}]}}