{"id":453150,"date":"2017-01-11T11:04:55","date_gmt":"2017-01-11T17:04:55","guid":{"rendered":"https:\/\/www.futboltotal.com.mx\/?p=453150"},"modified":"2017-01-11T11:06:28","modified_gmt":"2017-01-11T17:06:28","slug":"zidane-descarta-van-aubameyang","status":"publish","type":"post","link":"http:\/\/desarrollo.grupomedios.com\/futbol\/futbol-internacional\/zidane-descarta-van-aubameyang\/2017\/01","title":{"rendered":"Descarta Zidane ir por Aubameyang"},"content":{"rendered":"<p>Zinedine Zidane, director t\u00e9cnico del Real Madrid, descart\u00f3 el inter\u00e9s del club en fichar al delantero del Borussia Dortmund <strong>Pierre-Emerick Aubameyang<\/strong>, cuyo contrato con ese club de la Bundesliga alemana expira en 2020.<\/p>\n<p>Tras terminar el castigo de prohibici\u00f3n de transferencias al Real Madrid, el nombre del seleccionado gabon\u00e9s, de 27 a\u00f1os, empez\u00f3 a sonar como posible fichaje para la pr\u00f3xima temporada, pero, seg\u00fan el diario alem\u00e1n <em>Sport Bild<\/em>, Zidane considera que el r\u00e1pido delantero no responde a las necesidades actuales del Real Madrid.<\/p>\n<p style=\"text-align: center;\"><a href=\"https:\/\/www.futboltotal.com.mx\/2017\/01\/cristiano-ronaldo-vuelve-a-retar-a-wade-a-hacer-desayuno\/\"><span style=\"color: #3366ff;\">LEER M\u00c1S: Cristiano Ronaldo vuelve a retar a Wade\u2026 a hacer el desayuno<\/span><\/a><\/p>\n<p>El club blanco cuenta con Cristiano Ronaldo y Gareth Bale dos elementos r\u00e1pidisimos que saben explotar las bandas, por ello, asegura el rotativo, Zidane prefiere a un centrodelantero nato, en lugar de a\u00f1adir a otro habilidoso velocista como es el caso de <strong>Aubameyang<\/strong>.<\/p>\n<p>&#8220;A pesar del contrato que le liga al Borussia Dortmund hasta el 2020, el Real Madrid sigue siendo uno de los objetivos de <strong>Aubameyang<\/strong>, ya que China no es una opci\u00f3n para el jugador, cobrara lo que cobrara&#8221;, escribe el rotativo alem\u00e1n.<\/p>\n<p style=\"text-align: center;\"><a href=\"https:\/\/www.futboltotal.com.mx\/2017\/01\/zinedine-zidane-ambicioso-objetivo-en-madrid\/\"><span style=\"color: #3366ff;\">LEER M\u00c1S: Zizou tiene un ambicioso objetivo en el Madrid<\/span><\/a><\/p>\n<p>Aunque el Real Madrid se ha descartado para fichar a Aubameyang \u2013por el momento\u2013, clubes como el Paris Saint-Germain y el Manchester City han manifestado su deseo en llev\u00e1rselo. No obstabte, en el Borussia Dortmund no tienen intenci\u00f3n de venderlo, seg\u00fan asegur\u00f3 Hans Joachim Watzke, director administrativo del club:\u00a0 &#8220;No tengo la sensaci\u00f3n de que Aubameyang busque un cambio. Al contrario de los jugadores que nos han dejado recientemente, \u00e9l cuenta con un contrato a muy largo plazo hasta 2020. Queremos que se quede con nosotros&#8221;.<\/p>\n<p><b>S\u00edguenos en <span id=\"m_5052141238224576308goog_2054972132\"><\/span>Twitter <a href=\"https:\/\/twitter.com\/MXFutbolTotal\" target=\"_blank\" data-saferedirecturl=\"https:\/\/www.google.com\/url?hl=es&amp;q=https:\/\/twitter.com\/MXFutbolTotal&amp;source=gmail&amp;ust=1484232515337000&amp;usg=AFQjCNFf05ZVChiTGx6jlXfGEg5GzqQoIw\">@MXFutbolTotal<\/a><\/b><\/p>\n","protected":false},"excerpt":{"rendered":"<p>Mala noticia para el gabon\u00e9s, quien ha manifestado su deseo por jugar en el Real Madrid.<\/p>\n","protected":false},"author":20,"featured_media":446469,"comment_status":"closed","ping_status":"closed","sticky":false,"template":"","format":"standard","meta":[],"categories":[3839,3844,3846],"tags":[6047,5993,1376,5078,5988,2215],"_links":{"self":[{"href":"http:\/\/desarrollo.grupomedios.com\/futbol\/wp-json\/wp\/v2\/posts\/453150"}],"collection":[{"href":"http:\/\/desarrollo.grupomedios.com\/futbol\/wp-json\/wp\/v2\/posts"}],"about":[{"href":"http:\/\/desarrollo.grupomedios.com\/futbol\/wp-json\/wp\/v2\/types\/post"}],"author":[{"embeddable":true,"href":"http:\/\/desarrollo.grupomedios.com\/futbol\/wp-json\/wp\/v2\/users\/20"}],"replies":[{"embeddable":true,"href":"http:\/\/desarrollo.grupomedios.com\/futbol\/wp-json\/wp\/v2\/comments?post=453150"}],"version-history":[{"count":0,"href":"http:\/\/desarrollo.grupomedios.com\/futbol\/wp-json\/wp\/v2\/posts\/453150\/revisions"}],"wp:featuredmedia":[{"embeddable":true,"href":"http:\/\/desarrollo.grupomedios.com\/futbol\/wp-json\/wp\/v2\/media\/446469"}],"wp:attachment":[{"href":"http:\/\/desarrollo.grupomedios.com\/futbol\/wp-json\/wp\/v2\/media?parent=453150"}],"wp:term":[{"taxonomy":"category","embeddable":true,"href":"http:\/\/desarrollo.grupomedios.com\/futbol\/wp-json\/wp\/v2\/categories?post=453150"},{"taxonomy":"post_tag","embeddable":true,"href":"http:\/\/desarrollo.grupomedios.com\/futbol\/wp-json\/wp\/v2\/tags?post=453150"}],"curies":[{"name":"wp","href":"https:\/\/api.w.org\/{rel}","templated":true}]}}