{"id":453155,"date":"2017-01-11T12:37:00","date_gmt":"2017-01-11T18:37:00","guid":{"rendered":"https:\/\/www.futboltotal.com.mx\/?p=453155"},"modified":"2017-01-11T15:28:36","modified_gmt":"2017-01-11T21:28:36","slug":"las-figuras-la-super-liga-china","status":"publish","type":"post","link":"http:\/\/desarrollo.grupomedios.com\/futbol\/futbol-internacional\/las-figuras-la-super-liga-china\/2017\/01","title":{"rendered":"Las figuras de la S\u00faper Liga China"},"content":{"rendered":"<p>A pesar de que hace unos d\u00edas el Gobierno de China asegur\u00f3 que buscar\u00e1 como limitar a los clubes del pa\u00eds asi\u00e1tico a la hora de contratar a jugadores extranjeros, parece que a \u00e9stos parece no importarles algo m\u00e1s que llevar a figuras al futbol de su pa\u00eds.<\/p>\n<p>Con pleno mercado de fichajes abierto en Europa y el mundo, han surgido nuevas ofertas por las estrellas de los clubes europeos, tal es el caso de Pierre-Emerick Aubameyang del Borussia Dortmund y ahora del <a href=\"https:\/\/www.futboltotal.com.mx\/2017\/01\/la-superliga-china-insiste-en-llevarse-a-raul-jimenez\/\" target=\"_blank\">mexicano del Benfica, Ra\u00fal J\u00edmenez<\/a>.<\/p>\n<p>Seg\u00fan medios portugueses, el Presidente de las <em>\u00c1guilas<\/em> lusitanas estar\u00eda en el pa\u00eds asi\u00e1tico para escuchar ofertas por el delantero y en caso de aceptar, se estar\u00eda uniendo a un pu\u00f1ado de estrellas de la <strong>S\u00faper Liga China<\/strong> que llegaron de forma millonaria.<\/p>\n<p>Es por ello que en Futbol Total, te presentamos a Las millonarias figuras de la <strong>S\u00faper Liga China<\/strong>.<\/p>\n<p style=\"text-align: center;\"><span style=\"color: #3366ff;\"><a style=\"color: #3366ff;\" href=\"https:\/\/www.futboltotal.com.mx\/2017\/01\/jose-luis-higuera-guardara-silencio-castigo-vergara\/\">LEER M\u00c1S: Jos\u00e9 Luis Higuera guardar\u00e1 silencio, \u00bfcastigo de Vergara?<\/a><\/span><\/p>\n<div id=\"galleryhMH\" style=\"display:none;\"><img alt=\"\" src=\"http:\/\/desarrollo.grupomedios.com\/futbol\/wp-content\/uploads\/2017\/01\/ezequiel-lavezzi-12.jpg\" data-image=\"http:\/\/desarrollo.grupomedios.com\/futbol\/wp-content\/uploads\/2017\/01\/ezequiel-lavezzi-12.jpg\" data-description=\"ezequiel-lavezzi-12\"><img alt=\"\" src=\"http:\/\/desarrollo.grupomedios.com\/futbol\/wp-content\/uploads\/2017\/01\/carlos-tevez-11.jpg\" data-image=\"http:\/\/desarrollo.grupomedios.com\/futbol\/wp-content\/uploads\/2017\/01\/carlos-tevez-11.jpg\" data-description=\"carlos-tevez-11\"><img alt=\"\" src=\"http:\/\/desarrollo.grupomedios.com\/futbol\/wp-content\/uploads\/2017\/01\/demba-ba-11.jpg\" data-image=\"http:\/\/desarrollo.grupomedios.com\/futbol\/wp-content\/uploads\/2017\/01\/demba-ba-11.jpg\" data-description=\"demba-ba-11\"><img alt=\"\" src=\"http:\/\/desarrollo.grupomedios.com\/futbol\/wp-content\/uploads\/2017\/01\/paulinho-9.jpg\" data-image=\"http:\/\/desarrollo.grupomedios.com\/futbol\/wp-content\/uploads\/2017\/01\/paulinho-9.jpg\" data-description=\"paulinho-9\"><img alt=\"\" src=\"http:\/\/desarrollo.grupomedios.com\/futbol\/wp-content\/uploads\/2017\/01\/gervinho-8.jpg\" data-image=\"http:\/\/desarrollo.grupomedios.com\/futbol\/wp-content\/uploads\/2017\/01\/gervinho-8.jpg\" data-description=\"gervinho-8\"><img alt=\"\" src=\"http:\/\/desarrollo.grupomedios.com\/futbol\/wp-content\/uploads\/2017\/01\/eikeson-de-olveira-7.jpg\" data-image=\"http:\/\/desarrollo.grupomedios.com\/futbol\/wp-content\/uploads\/2017\/01\/eikeson-de-olveira-7.jpg\" data-description=\"eikeson-de-olveira-7\"><img alt=\"\" src=\"http:\/\/desarrollo.grupomedios.com\/futbol\/wp-content\/uploads\/2017\/01\/ramires-6.jpg\" data-image=\"http:\/\/desarrollo.grupomedios.com\/futbol\/wp-content\/uploads\/2017\/01\/ramires-6.jpg\" data-description=\"ramires-6\"><img alt=\"\" src=\"http:\/\/desarrollo.grupomedios.com\/futbol\/wp-content\/uploads\/2017\/01\/JACKSON-MARTINEZ-5.jpg\" data-image=\"http:\/\/desarrollo.grupomedios.com\/futbol\/wp-content\/uploads\/2017\/01\/JACKSON-MARTINEZ-5.jpg\" data-description=\"jackson-martinez-5\"><img alt=\"\" src=\"http:\/\/desarrollo.grupomedios.com\/futbol\/wp-content\/uploads\/2017\/01\/ALEIX-TEIXEIRA-4.jpg\" data-image=\"http:\/\/desarrollo.grupomedios.com\/futbol\/wp-content\/uploads\/2017\/01\/ALEIX-TEIXEIRA-4.jpg\" data-description=\"aleix-teixeira-4\"><img alt=\"\" src=\"http:\/\/desarrollo.grupomedios.com\/futbol\/wp-content\/uploads\/2017\/01\/oscar-2.jpg\" data-image=\"http:\/\/desarrollo.grupomedios.com\/futbol\/wp-content\/uploads\/2017\/01\/oscar-2.jpg\" data-description=\"oscar-2\"><img alt=\"\" src=\"http:\/\/desarrollo.grupomedios.com\/futbol\/wp-content\/uploads\/2017\/01\/HULK-3.jpg\" data-image=\"http:\/\/desarrollo.grupomedios.com\/futbol\/wp-content\/uploads\/2017\/01\/HULK-3.jpg\" data-description=\"hulk-3\"><\/div>\n        <script>\n        \/\/galeria 1\n        jQuery(document).ready(function(){ \n            var api;\n            api = jQuery(\"#galleryhMH\").unitegallery({\n                carousel_autoplay: false\n            }); \n        });\n        <\/script>\n        \n<p>&nbsp;<\/p>\n","protected":false},"excerpt":{"rendered":"<p>Ellos son las estrellas que llev\u00f3 la S\u00faper Liga China para mejorar su torneo.<\/p>\n","protected":false},"author":20,"featured_media":453181,"comment_status":"closed","ping_status":"closed","sticky":false,"template":"","format":"standard","meta":[],"categories":[7570,3839],"tags":[6214,3332],"_links":{"self":[{"href":"http:\/\/desarrollo.grupomedios.com\/futbol\/wp-json\/wp\/v2\/posts\/453155"}],"collection":[{"href":"http:\/\/desarrollo.grupomedios.com\/futbol\/wp-json\/wp\/v2\/posts"}],"about":[{"href":"http:\/\/desarrollo.grupomedios.com\/futbol\/wp-json\/wp\/v2\/types\/post"}],"author":[{"embeddable":true,"href":"http:\/\/desarrollo.grupomedios.com\/futbol\/wp-json\/wp\/v2\/users\/20"}],"replies":[{"embeddable":true,"href":"http:\/\/desarrollo.grupomedios.com\/futbol\/wp-json\/wp\/v2\/comments?post=453155"}],"version-history":[{"count":0,"href":"http:\/\/desarrollo.grupomedios.com\/futbol\/wp-json\/wp\/v2\/posts\/453155\/revisions"}],"wp:featuredmedia":[{"embeddable":true,"href":"http:\/\/desarrollo.grupomedios.com\/futbol\/wp-json\/wp\/v2\/media\/453181"}],"wp:attachment":[{"href":"http:\/\/desarrollo.grupomedios.com\/futbol\/wp-json\/wp\/v2\/media?parent=453155"}],"wp:term":[{"taxonomy":"category","embeddable":true,"href":"http:\/\/desarrollo.grupomedios.com\/futbol\/wp-json\/wp\/v2\/categories?post=453155"},{"taxonomy":"post_tag","embeddable":true,"href":"http:\/\/desarrollo.grupomedios.com\/futbol\/wp-json\/wp\/v2\/tags?post=453155"}],"curies":[{"name":"wp","href":"https:\/\/api.w.org\/{rel}","templated":true}]}}