{"id":453195,"date":"2017-01-11T14:09:11","date_gmt":"2017-01-11T20:09:11","guid":{"rendered":"https:\/\/www.futboltotal.com.mx\/?p=453195"},"modified":"2017-01-11T14:09:11","modified_gmt":"2017-01-11T20:09:11","slug":"xolos-despide-una-de-figuras","status":"publish","type":"post","link":"http:\/\/desarrollo.grupomedios.com\/futbol\/destacado-home\/xolos-despide-una-de-figuras\/2017\/01","title":{"rendered":"Xolos se despide de una de sus figuras"},"content":{"rendered":"<p>El delantero colombiano Dayro Moreno, ya se encuentra de vuelta en su pa\u00eds para ponerle fin a los rumores que lo colocaban en el Atl\u00e9tico Nacional y hacer oficial su llegada al campe\u00f3n de la Copa Libertadores.<\/p>\n<p>Dayro, lleg\u00f3 este mi\u00e9rcoles a tierras cafetaleras para presentar ex\u00e1menes m\u00e9dicos con el club y por fin firmar un nuevo contrato. El ex atacante de Xolos ya dio sus primeras palabras como nuevo jugador del cuadro verdolaga.<\/p>\n<p style=\"text-align: center;\"><span style=\"color: #3366ff;\"><a style=\"color: #3366ff;\" href=\"https:\/\/www.futboltotal.com.mx\/2017\/01\/cruz-azul-presento-a-cauteruccio-lo-mejor-esta-venir\/\" target=\"_blank\">LEER M\u00c1S: Cruz Azul present\u00f3 a Cauteruccio: \u201cLo mejor est\u00e1 por venir\u201d<\/a><\/span><\/p>\n<blockquote><p>\u201cEsto va a ser muy importante para mi carrera,\u00a0vestir la camisa de Nacional para uno como jugador, lo llena de satisfacci\u00f3n. Estoy\u00a0contento y ojal\u00e1 que las cosas\u00a0salgan de la mejor manera\u201d, declar\u00f3 el futbolista a su llegada a Colombia.<\/p><\/blockquote>\n<p>La contrataci\u00f3n de Moreno ilusiona a sus futuros compa\u00f1eros, uno de los que mostr\u00f3 su felicidad fue Miguel \u00c1ngel Borja, quien no dudo en elogiar al nuevo atacante del Nacional.<\/p>\n<blockquote><p>\u201cEn poco tiempo, \u00e9l demostr\u00f3 su nivel. Lo respeto y si se queda en Nacional, lo importante ser\u00e1 entendernos en la cancha y demostrar en cada partido que se est\u00e1 para triunfar en el 2017&#8243;, puntualiz\u00f3 Miguel \u00c1ngel Borja.<\/p><\/blockquote>\n<p>Con esto Xolos se queda sin su atacante estrella y buscar\u00e1 recuperarse pronto de la baja de Dayro Moreno.<\/p>\n","protected":false},"excerpt":{"rendered":"<p>Dayro Moreno est\u00e1 listo para formar parte del Atl\u00e9tico Nacional.<\/p>\n","protected":false},"author":20,"featured_media":453204,"comment_status":"closed","ping_status":"closed","sticky":false,"template":"","format":"standard","meta":[],"categories":[5,2198,3845],"tags":[3586,5974,1673],"_links":{"self":[{"href":"http:\/\/desarrollo.grupomedios.com\/futbol\/wp-json\/wp\/v2\/posts\/453195"}],"collection":[{"href":"http:\/\/desarrollo.grupomedios.com\/futbol\/wp-json\/wp\/v2\/posts"}],"about":[{"href":"http:\/\/desarrollo.grupomedios.com\/futbol\/wp-json\/wp\/v2\/types\/post"}],"author":[{"embeddable":true,"href":"http:\/\/desarrollo.grupomedios.com\/futbol\/wp-json\/wp\/v2\/users\/20"}],"replies":[{"embeddable":true,"href":"http:\/\/desarrollo.grupomedios.com\/futbol\/wp-json\/wp\/v2\/comments?post=453195"}],"version-history":[{"count":0,"href":"http:\/\/desarrollo.grupomedios.com\/futbol\/wp-json\/wp\/v2\/posts\/453195\/revisions"}],"wp:featuredmedia":[{"embeddable":true,"href":"http:\/\/desarrollo.grupomedios.com\/futbol\/wp-json\/wp\/v2\/media\/453204"}],"wp:attachment":[{"href":"http:\/\/desarrollo.grupomedios.com\/futbol\/wp-json\/wp\/v2\/media?parent=453195"}],"wp:term":[{"taxonomy":"category","embeddable":true,"href":"http:\/\/desarrollo.grupomedios.com\/futbol\/wp-json\/wp\/v2\/categories?post=453195"},{"taxonomy":"post_tag","embeddable":true,"href":"http:\/\/desarrollo.grupomedios.com\/futbol\/wp-json\/wp\/v2\/tags?post=453195"}],"curies":[{"name":"wp","href":"https:\/\/api.w.org\/{rel}","templated":true}]}}