{"id":453228,"date":"2017-01-11T17:10:19","date_gmt":"2017-01-11T23:10:19","guid":{"rendered":"https:\/\/www.futboltotal.com.mx\/?p=453228"},"modified":"2017-01-11T17:12:00","modified_gmt":"2017-01-11T23:12:00","slug":"consejo-cristiano-cambio-james","status":"publish","type":"post","link":"http:\/\/desarrollo.grupomedios.com\/futbol\/futbol-internacional\/consejo-cristiano-cambio-james\/2017\/01","title":{"rendered":"El consejo de Cristiano cambi\u00f3 el futuro de James&#8230;"},"content":{"rendered":"<p>M\u00e1s all\u00e1 del discurso que dio el entrenador Zinedine Zidane, en el que asegur\u00f3 que<strong> James Rodr\u00edguez<\/strong> no estaba en venta pues es un jugador importante para el Real Madrid, hubo algo que influy\u00f3 para que el colombiano se olvidar\u00e1 de cambiar de equipo, pese a la falta de titularidad y los minutos a cuenta gotas.<\/p>\n<p>Hasta antes de la disputa del <strong>Mundial de Clubes<\/strong>, el mediocampista colombiano estaba convencido que no ten\u00eda m\u00e1s alternativa que salir de la <em>Casa Blanca\u00a0<\/em>y buscar acomodo en otro club. Y el mejor sitio para recalar era Stamford Bridge, donde el Chelsea le hab\u00eda puesto sobre la mesa, una propuesta econ\u00f3mica importante y, adem\u00e1s, ten\u00eda lista una oferta irresistible para el Real Madrid, club que dej\u00f3 claro que solo dejar\u00eda ir a James si recuperaba los 85 MDE que pag\u00f3 al M\u00f3naco en 2014 por su pase.<\/p>\n<p style=\"text-align: center;\"><span style=\"color: #3366ff;\">LEER M\u00c1S: Todas las noticias de futbol internacional<\/span><\/p>\n<p>\u00bfQu\u00e9 ayud\u00f3 a <strong>James<\/strong> a rechazar la oferta del superl\u00edder de la Premier League? Este mi\u00e9rcoles, un informe del diario <em>El Confidencial<\/em>\u00a0de Colombia se\u00f1ala que no fue una charla con Zidane, o con el capit\u00e1n Sergio Ramos -quien incluso en su momento reprendi\u00f3 al jugador por haber dejado su futuro en el aire justo el d\u00eda en que el Real Madrid conquist\u00f3 el Mundial de Clubes- lo que ayud\u00f3 al colombiano a seguir en Chamart\u00edn. Quien pudo convencerlo fue Cristiano Ronaldo.<\/p>\n<p>El medio citado afirma que el <em>crack\u00a0<\/em>luso platico con James unos d\u00edas antes de que Zidane compareciera ante los medios y confirmar\u00e1 la permanencia del <em>cafetalero.\u00a0<\/em>En aquella pl\u00e1tica,<em> CR7<\/em> le habr\u00eda dicho al 10 que siguiera en el club hasta el final de temporada y que peleara por recuperar el sitio que un d\u00eda tuvo. El colombiano sigui\u00f3 el consejo y dio carpetazo a su marcha.<\/p>\n<p>Tal y como recapitula la prensa internacional, fue as\u00ed como James logr\u00f3 mantenerse en el equipo y solo unos d\u00edas despu\u00e9s cambi\u00f3 el discurso: &#8220;Ahora empieza un a\u00f1o nuevo para m\u00ed. Me quedo, me quedo en el Madrid&#8221;.<\/p>\n","protected":false},"excerpt":{"rendered":"<p>El mediocampista colombiano rechaz\u00f3 una tentadora oferta del Chelsea.<\/p>\n","protected":false},"author":20,"featured_media":453243,"comment_status":"closed","ping_status":"closed","sticky":false,"template":"","format":"standard","meta":[],"categories":[3839,3844],"tags":[6082,5988],"_links":{"self":[{"href":"http:\/\/desarrollo.grupomedios.com\/futbol\/wp-json\/wp\/v2\/posts\/453228"}],"collection":[{"href":"http:\/\/desarrollo.grupomedios.com\/futbol\/wp-json\/wp\/v2\/posts"}],"about":[{"href":"http:\/\/desarrollo.grupomedios.com\/futbol\/wp-json\/wp\/v2\/types\/post"}],"author":[{"embeddable":true,"href":"http:\/\/desarrollo.grupomedios.com\/futbol\/wp-json\/wp\/v2\/users\/20"}],"replies":[{"embeddable":true,"href":"http:\/\/desarrollo.grupomedios.com\/futbol\/wp-json\/wp\/v2\/comments?post=453228"}],"version-history":[{"count":0,"href":"http:\/\/desarrollo.grupomedios.com\/futbol\/wp-json\/wp\/v2\/posts\/453228\/revisions"}],"wp:featuredmedia":[{"embeddable":true,"href":"http:\/\/desarrollo.grupomedios.com\/futbol\/wp-json\/wp\/v2\/media\/453243"}],"wp:attachment":[{"href":"http:\/\/desarrollo.grupomedios.com\/futbol\/wp-json\/wp\/v2\/media?parent=453228"}],"wp:term":[{"taxonomy":"category","embeddable":true,"href":"http:\/\/desarrollo.grupomedios.com\/futbol\/wp-json\/wp\/v2\/categories?post=453228"},{"taxonomy":"post_tag","embeddable":true,"href":"http:\/\/desarrollo.grupomedios.com\/futbol\/wp-json\/wp\/v2\/tags?post=453228"}],"curies":[{"name":"wp","href":"https:\/\/api.w.org\/{rel}","templated":true}]}}