{"id":453262,"date":"2017-01-11T19:02:46","date_gmt":"2017-01-12T01:02:46","guid":{"rendered":"https:\/\/www.futboltotal.com.mx\/?p=453262"},"modified":"2017-01-11T19:02:46","modified_gmt":"2017-01-12T01:02:46","slug":"mavericks-suns-calientan-la-duela-en-mexico","status":"publish","type":"post","link":"http:\/\/desarrollo.grupomedios.com\/futbol\/no-todo-es-futbol\/mavericks-suns-calientan-la-duela-en-mexico\/2017\/01","title":{"rendered":"Mavericks y Suns, calientan la duela en M\u00e9xico"},"content":{"rendered":"<p>Los <strong>Suns de Phoenix<\/strong> y los <strong>Mavericks de Dallas<\/strong> &#8220;probaron&#8221; hoy la altitud de la Ciudad de M\u00e9xico (2.240 metros) con pr\u00e1cticas de 30 minutos y calentaron la duela en la que ma\u00f1ana disputar\u00e1n el primero de los dos juegos que la NBA celebrar\u00e1 esta semana en la capital mexicana.<\/p>\n<p>&#8220;Nunca hemos jugado un partido en esta altitud&#8221;, asegur\u00f3 el entrenador de los <strong>Mavericks<\/strong>, Rick Carlisle. &#8220;Denver es la ciudad m\u00e1s alta (a unos 1.600 metros) y ese ser\u00e1 un gran factor&#8221;, a\u00f1adi\u00f3.<\/p>\n<p>Los <strong>Suns<\/strong> (12-26) y los <strong>Mavericks<\/strong> (11-27), son los equipos con la peores marcas de la Conferencia Oeste. &#8220;Tenemos que mejorar y hacerlo pronto&#8221;, comparti\u00f3 el base puertorrique\u00f1o Jos\u00e9 Juan Barea, quien considera que el equipo ha tenido &#8220;mala suerte&#8221; en el inicio de la temporada. &#8220;Poco a poco tenemos que ir mejorando para ver si se presenta la oportunidad de pelear por avanzar a la postemporada&#8221;, agreg\u00f3.<\/p>\n<p>Por el lado de Phoenix, el escolta Devin Booker se\u00f1al\u00f3 que &#8220;es muy bueno para la liga expandir la marca NBA en otros pa\u00edses&#8221;, como suceder\u00e1 con los dos juegos, este jueves y el s\u00e1bado pr\u00f3ximo ante los Spurs de San Antonio, que ostenta la segunda mejor marca de la Conferencia Oeste y de la liga con 30-8.<\/p>\n<p style=\"text-align: center;\"><span style=\"color: #3366ff;\"><a style=\"color: #3366ff;\" href=\"https:\/\/www.futboltotal.com.mx\/2017\/01\/futbolista-mexicana-atropellada-en-espana\/\" target=\"_blank\"><strong>LEER M\u00c1S: Futbolista mexicana es atropellada en Espa\u00f1a<\/strong><\/a><\/span><\/p>\n<p>Booker, de 20 a\u00f1os, tiene sangre mexicana ya que sus abuelos son de este pa\u00eds y su madre, Ver\u00f3nica Guti\u00e9rrez, quien naci\u00f3 en Estados Unidos, le hace de traductora cuando los visita ya que \u00e9l no habla espa\u00f1ol.<\/p>\n<p>El alem\u00e1n Dirk Nowitzki, de 38 a\u00f1os y con 18 temporadas en la NBA, consider\u00f3 como muy bueno &#8220;que se promocionen juegos en otros pa\u00edses de Am\u00e9rica Latina y Europa&#8221;.<\/p>\n<p>Se\u00f1al\u00f3 que la NBA sigue creciendo y cuenta con jugadores de todo el mundo en sus equipos y record\u00f3 al mexicano Eduardo N\u00e1jera con el que jug\u00f3 algunas temporadas en Dallas. Los equipos cumplieron entrenamientos ligeros donde verificaron la duela y el bote del bal\u00f3n en distintas zonas y concretaron las t\u00edpicas jugadas elaboradas adem\u00e1s de tiros a la canasta de media y larga distancia y tiros libres.<\/p>\n<p>Tambi\u00e9n ofrecieron una cl\u00ednica como parte del NBA Cares, programa de responsabilidad social de la Liga con unos 30 ni\u00f1os a los que les ense\u00f1aron algunas jugadas con el bal\u00f3n.<\/p>\n<p><strong>S\u00edguenos en Twitter<\/strong>: <a href=\"https:\/\/twitter.com\/MXFutbolTotal\" target=\"_blank\">@MXFutbolTotal<\/a><\/p>\n","protected":false},"excerpt":{"rendered":"<p>Los equipos de la NBA prueban la altitud de la CDMX, en v\u00edsperas de su duelo en suelo azteca.<\/p>\n","protected":false},"author":144,"featured_media":453264,"comment_status":"closed","ping_status":"closed","sticky":false,"template":"","format":"standard","meta":[],"categories":[5814,5418,6411],"tags":[5771,5461],"_links":{"self":[{"href":"http:\/\/desarrollo.grupomedios.com\/futbol\/wp-json\/wp\/v2\/posts\/453262"}],"collection":[{"href":"http:\/\/desarrollo.grupomedios.com\/futbol\/wp-json\/wp\/v2\/posts"}],"about":[{"href":"http:\/\/desarrollo.grupomedios.com\/futbol\/wp-json\/wp\/v2\/types\/post"}],"author":[{"embeddable":true,"href":"http:\/\/desarrollo.grupomedios.com\/futbol\/wp-json\/wp\/v2\/users\/144"}],"replies":[{"embeddable":true,"href":"http:\/\/desarrollo.grupomedios.com\/futbol\/wp-json\/wp\/v2\/comments?post=453262"}],"version-history":[{"count":0,"href":"http:\/\/desarrollo.grupomedios.com\/futbol\/wp-json\/wp\/v2\/posts\/453262\/revisions"}],"wp:featuredmedia":[{"embeddable":true,"href":"http:\/\/desarrollo.grupomedios.com\/futbol\/wp-json\/wp\/v2\/media\/453264"}],"wp:attachment":[{"href":"http:\/\/desarrollo.grupomedios.com\/futbol\/wp-json\/wp\/v2\/media?parent=453262"}],"wp:term":[{"taxonomy":"category","embeddable":true,"href":"http:\/\/desarrollo.grupomedios.com\/futbol\/wp-json\/wp\/v2\/categories?post=453262"},{"taxonomy":"post_tag","embeddable":true,"href":"http:\/\/desarrollo.grupomedios.com\/futbol\/wp-json\/wp\/v2\/tags?post=453262"}],"curies":[{"name":"wp","href":"https:\/\/api.w.org\/{rel}","templated":true}]}}