{"id":453269,"date":"2017-01-11T19:33:53","date_gmt":"2017-01-12T01:33:53","guid":{"rendered":"https:\/\/www.futboltotal.com.mx\/?p=453269"},"modified":"2017-01-12T10:07:42","modified_gmt":"2017-01-12T16:07:42","slug":"chicharito-acaba-la-sequia-goleadora","status":"publish","type":"post","link":"http:\/\/desarrollo.grupomedios.com\/futbol\/videos\/chicharito-acaba-la-sequia-goleadora\/2017\/01","title":{"rendered":"\u00a1Chicharito acaba con la sequ\u00eda goleadora!"},"content":{"rendered":"<p>El delantero mexicano, <strong>Javier el Chicharito Hern\u00e1ndez<\/strong>, termin\u00f3 con la sequ\u00eda de 15 partidos sin poder anotar gol con el <strong>Bayer Leverkusen<\/strong>; el ariete lo hizo en partido de pretemporada en suelo norteamericano.<\/p>\n<p>En partido entre <strong>Bayer Leverkusen<\/strong> y Atl\u00e9tico Mineiro, celebrado en Florida, <strong>Chicharito<\/strong> abri\u00f3 el marcador al minuto 51; con ello, el mexicano dio fin a una racha de mil 250 minutos y 102 d\u00edas, sin marcar en cualquier cancha.<\/p>\n<p>&nbsp;<\/p>\n<blockquote class=\"twitter-tweet\" data-lang=\"es\">\n<p dir=\"ltr\" lang=\"es\">51&#8242; \u26bd\ufe0f \u00a1GOOOOOOOOOOOOOOOOOOOOOOL! <a href=\"https:\/\/twitter.com\/CH14_\">@CH14_<\/a> &#x1f1f2;&#x1f1fd; 1-0.<\/p>\n<p>\u00a1C\u00e1ntenlo con nosotros! \u00a1CHI-CHA-RI-TO! <a href=\"https:\/\/twitter.com\/hashtag\/B04vsCAM?src=hash\">#B04vsCAM<\/a> <a href=\"https:\/\/t.co\/LFoJo0dAgJ\">pic.twitter.com\/LFoJo0dAgJ<\/a><\/p>\n<p>\u2014 Bayer 04 Leverkusen (@bayer04_es) <a href=\"https:\/\/twitter.com\/bayer04_es\/status\/819352726622662656\">12 de enero de 2017<\/a><\/p><\/blockquote>\n<p><script async src=\"\/\/platform.twitter.com\/widgets.js\" charset=\"utf-8\"><\/script><\/p>\n<p>&nbsp;<\/p>\n<p style=\"text-align: center;\"><span style=\"color: #3366ff;\"><a style=\"color: #3366ff;\" href=\"https:\/\/www.futboltotal.com.mx\/2017\/01\/chicharito-sus-peores-rachas-sin-gol\/\" target=\"_blank\"><strong>LEER M\u00c1S: Las peores rachas sin gol del Chicharito<\/strong><\/a><\/span><\/p>\n<p>De esta forma, <strong>Chicharito<\/strong> volvi\u00f3 a anotar y va en busca de una racha positiva con el Bayer Leverkusen, de cara tambi\u00e9n, a tener un buen a\u00f1o con la Selecci\u00f3n Mexicana.<\/p>\n<blockquote class=\"twitter-tweet\" data-width=\"500\">\n<p lang=\"es\" dir=\"ltr\">Hern\u00e1ndez. El gol que todos estaban esperando. Disfrutenlo haters de <a href=\"https:\/\/twitter.com\/hashtag\/Chicharito?src=hash\">#Chicharito<\/a> <a href=\"https:\/\/t.co\/u0n29qzJqe\">pic.twitter.com\/u0n29qzJqe<\/a><\/p>\n<p>&mdash; Ex-Espn (@exespn) <a href=\"https:\/\/twitter.com\/exespn\/status\/819353319797886976\">January 12, 2017<\/a><\/p><\/blockquote>\n<p><script async src=\"\/\/platform.twitter.com\/widgets.js\" charset=\"utf-8\"><\/script><\/p>\n<p><strong>S\u00edguenos en Twitter<\/strong>: <a href=\"https:\/\/twitter.com\/MXFutbolTotal\" target=\"_blank\">@MXFutbolTotal<\/a><\/p>\n","protected":false},"excerpt":{"rendered":"<p>Javier Hern\u00e1ndez anota en partido de pretemporada de Bayer Leverkusen.<\/p>\n","protected":false},"author":20,"featured_media":453272,"comment_status":"closed","ping_status":"closed","sticky":false,"template":"","format":"standard","meta":[],"categories":[5,3839,7495,6718,4],"tags":[4335,120],"_links":{"self":[{"href":"http:\/\/desarrollo.grupomedios.com\/futbol\/wp-json\/wp\/v2\/posts\/453269"}],"collection":[{"href":"http:\/\/desarrollo.grupomedios.com\/futbol\/wp-json\/wp\/v2\/posts"}],"about":[{"href":"http:\/\/desarrollo.grupomedios.com\/futbol\/wp-json\/wp\/v2\/types\/post"}],"author":[{"embeddable":true,"href":"http:\/\/desarrollo.grupomedios.com\/futbol\/wp-json\/wp\/v2\/users\/20"}],"replies":[{"embeddable":true,"href":"http:\/\/desarrollo.grupomedios.com\/futbol\/wp-json\/wp\/v2\/comments?post=453269"}],"version-history":[{"count":0,"href":"http:\/\/desarrollo.grupomedios.com\/futbol\/wp-json\/wp\/v2\/posts\/453269\/revisions"}],"wp:featuredmedia":[{"embeddable":true,"href":"http:\/\/desarrollo.grupomedios.com\/futbol\/wp-json\/wp\/v2\/media\/453272"}],"wp:attachment":[{"href":"http:\/\/desarrollo.grupomedios.com\/futbol\/wp-json\/wp\/v2\/media?parent=453269"}],"wp:term":[{"taxonomy":"category","embeddable":true,"href":"http:\/\/desarrollo.grupomedios.com\/futbol\/wp-json\/wp\/v2\/categories?post=453269"},{"taxonomy":"post_tag","embeddable":true,"href":"http:\/\/desarrollo.grupomedios.com\/futbol\/wp-json\/wp\/v2\/tags?post=453269"}],"curies":[{"name":"wp","href":"https:\/\/api.w.org\/{rel}","templated":true}]}}