{"id":453288,"date":"2017-01-11T21:11:23","date_gmt":"2017-01-12T03:11:23","guid":{"rendered":"https:\/\/www.futboltotal.com.mx\/?p=453288"},"modified":"2017-01-11T21:11:23","modified_gmt":"2017-01-12T03:11:23","slug":"leon-cerca-amarrar-nuevo-fichaje","status":"publish","type":"post","link":"http:\/\/desarrollo.grupomedios.com\/futbol\/futbol-mexicano\/leon-cerca-amarrar-nuevo-fichaje\/2017\/01","title":{"rendered":"Le\u00f3n cerca de amarrar un nuevo fichaje"},"content":{"rendered":"<p>La Fiera se sigue preparando para el torneo y busca incorporar a un nuevo refuerzo para que encaje en el sistema de Javier Torrente y puedan\u00a0conseguir su pase a la Liguilla del Clausura 2017.<\/p>\n<p>Se trata de Harold Isaza, futbolista colombiano de 21 a\u00f1os que se desempe\u00f1a como mediocampista. Harold, tiene pocos minutos en primera divisi\u00f3n, pues apenas debut\u00f3 en el 2016 con Once Caldas.<\/p>\n<p>Isaza es una de las promesas del futbol de Colombia y est\u00e1 cerca de fichar para Le\u00f3n. La directiva podr\u00eda hacer oficial su llegada en las pr\u00f3ximas horas.Harold apenas lleva un gol y 20 partidos en primera divisi\u00f3n.<\/p>\n<p>&nbsp;<\/p>\n<p>S\u00edguenos en Twitter: <a href=\"https:\/\/twitter.com\/MXFutbolTotal\" target=\"_blank\">@MXFutbolTotal<\/a><\/p>\n","protected":false},"excerpt":{"rendered":"<p>Traer\u00e1n a una promesa del futbol colombiano.<\/p>\n","protected":false},"author":20,"featured_media":453295,"comment_status":"closed","ping_status":"closed","sticky":false,"template":"","format":"standard","meta":[],"categories":[2198,3845],"tags":[7991,5965],"_links":{"self":[{"href":"http:\/\/desarrollo.grupomedios.com\/futbol\/wp-json\/wp\/v2\/posts\/453288"}],"collection":[{"href":"http:\/\/desarrollo.grupomedios.com\/futbol\/wp-json\/wp\/v2\/posts"}],"about":[{"href":"http:\/\/desarrollo.grupomedios.com\/futbol\/wp-json\/wp\/v2\/types\/post"}],"author":[{"embeddable":true,"href":"http:\/\/desarrollo.grupomedios.com\/futbol\/wp-json\/wp\/v2\/users\/20"}],"replies":[{"embeddable":true,"href":"http:\/\/desarrollo.grupomedios.com\/futbol\/wp-json\/wp\/v2\/comments?post=453288"}],"version-history":[{"count":0,"href":"http:\/\/desarrollo.grupomedios.com\/futbol\/wp-json\/wp\/v2\/posts\/453288\/revisions"}],"wp:featuredmedia":[{"embeddable":true,"href":"http:\/\/desarrollo.grupomedios.com\/futbol\/wp-json\/wp\/v2\/media\/453295"}],"wp:attachment":[{"href":"http:\/\/desarrollo.grupomedios.com\/futbol\/wp-json\/wp\/v2\/media?parent=453288"}],"wp:term":[{"taxonomy":"category","embeddable":true,"href":"http:\/\/desarrollo.grupomedios.com\/futbol\/wp-json\/wp\/v2\/categories?post=453288"},{"taxonomy":"post_tag","embeddable":true,"href":"http:\/\/desarrollo.grupomedios.com\/futbol\/wp-json\/wp\/v2\/tags?post=453288"}],"curies":[{"name":"wp","href":"https:\/\/api.w.org\/{rel}","templated":true}]}}