{"id":453321,"date":"2017-01-12T10:27:21","date_gmt":"2017-01-12T16:27:21","guid":{"rendered":"https:\/\/www.futboltotal.com.mx\/?p=453321"},"modified":"2017-01-12T10:27:21","modified_gmt":"2017-01-12T16:27:21","slug":"fallece-exseleccionador-ingles","status":"publish","type":"post","link":"http:\/\/desarrollo.grupomedios.com\/futbol\/futbol-internacional\/fallece-exseleccionador-ingles\/2017\/01","title":{"rendered":"Fallece exseleccionador ingl\u00e9s"},"content":{"rendered":"<p>El exseleccionador de Inglaterra Graham Taylor falleci\u00f3 a los 72 a\u00f1os de un posible ataque al coraz\u00f3n, inform\u00f3 un familiar suyo.<\/p>\n<blockquote class=\"twitter-tweet\" data-width=\"500\">\n<p lang=\"en\" dir=\"ltr\">Rest in peace, Graham. <\/p>\n<p>Our thoughts are with his family, friends and loved ones. <a href=\"https:\/\/t.co\/jt4zFLTPRi\">pic.twitter.com\/jt4zFLTPRi<\/a><\/p>\n<p>&mdash; England (@England) <a href=\"https:\/\/twitter.com\/England\/status\/819543061973913601\">January 12, 2017<\/a><\/p><\/blockquote>\n<p><script async src=\"\/\/platform.twitter.com\/widgets.js\" charset=\"utf-8\"><\/script><\/p>\n<p>La muerte del exseleccionador entre 1990 y 1993, nacido el 15 de septiembre de 1944 en Worksop, en el condado de Nottinghamshire, ha entristecido al mundo deportivo del Reino Unido, que le recuerda como una de las figuras m\u00e1s queridas de su futbol.<\/p>\n<p style=\"text-align: center;\"><a href=\"https:\/\/www.futboltotal.com.mx\/2017\/01\/manchester-united-renueva-a-fellaini\/\"><span style=\"color: #3366ff;\">LEER M\u00c1S: Manchester United renueva a Fellaini<\/span><\/a><\/p>\n<p>&#8220;Nos entristece extremadamente escuchar que Graham Taylor ha fallecido, a los 72 a\u00f1os&#8221;, se\u00f1al\u00f3 hoy en un comunicado la Football League, que lo calific\u00f3 de &#8220;leyenda del futbol&#8221;.<\/p>\n<p>Taylor fue defensa en su \u00e9poca de jugador y\u00a0 milit\u00f3 con los clubes Grimsby y Lincoln City, con el cual se convirti\u00f3 en t\u00e9cnico en 1972.<\/p>\n<p>Durante su amplia carrera deportiva, que se expandi\u00f3 durante casi cinco d\u00e9cadas, Taylor tambi\u00e9n jug\u00f3 en las filas de los equipos ingleses Watford y Aston Villa, y form\u00f3 parte de la alineaci\u00f3n del Wolverhampton Wanderers.<\/p>\n<p style=\"text-align: center;\"><a href=\"https:\/\/www.futboltotal.com.mx\/2017\/01\/liverpool-herido-en-la-semifinal-ida-la-copa-liga\/\"><span style=\"color: #3366ff;\">LEER M\u00c1S: Liverpool herido en la semifinal de ida de la Copa de Liga<\/span><\/a><\/p>\n<p>En el Watford se le recuerda como el mejor entrenador que ha tenido esa instituci\u00f3n al haberlo ascendido desde la cuarta divisi\u00f3n hasta la m\u00e1xima categor\u00eda del futbol ingl\u00e9s entre 1977 y 1982. A\u00f1os despu\u00e9s tambi\u00e9n fue presidente entre 2009 y 2012.<\/p>\n<blockquote class=\"twitter-tweet\" data-width=\"500\">\n<p lang=\"en\" dir=\"ltr\">Everyone at <a href=\"https:\/\/twitter.com\/hashtag\/watfordfc?src=hash\">#watfordfc<\/a> is deeply saddened to learn of the passing of our most successful manager. We love you, Graham Taylor. <a href=\"https:\/\/twitter.com\/hashtag\/thankyouGT?src=hash\">#thankyouGT<\/a><\/p>\n<p>&mdash; Watford FC (@WatfordFC) <a href=\"https:\/\/twitter.com\/WatfordFC\/status\/819544445502816256\">January 12, 2017<\/a><\/p><\/blockquote>\n<p><script async src=\"\/\/platform.twitter.com\/widgets.js\" charset=\"utf-8\"><\/script><\/p>\n<p><b>S\u00edguenos en <span id=\"m_-694733791135446635goog_2054972132\"><\/span>Twitter <a href=\"https:\/\/twitter.com\/MXFutbolTotal\" target=\"_blank\" data-saferedirecturl=\"https:\/\/www.google.com\/url?hl=es&amp;q=https:\/\/twitter.com\/MXFutbolTotal&amp;source=gmail&amp;ust=1484320859000000&amp;usg=AFQjCNGvs_F5Xjlpd3twLJ1HEazNy29PXw\">@MXFutbolTotal<\/a><\/b><\/p>\n","protected":false},"excerpt":{"rendered":"<p>Tuvo una \u00e9poca de explendor en el Watford al subirlo a la m\u00e1xima categor\u00eda inglesa.<\/p>\n","protected":false},"author":20,"featured_media":453330,"comment_status":"closed","ping_status":"closed","sticky":false,"template":"","format":"standard","meta":[],"categories":[3839,3846],"tags":[7996,603,4370],"_links":{"self":[{"href":"http:\/\/desarrollo.grupomedios.com\/futbol\/wp-json\/wp\/v2\/posts\/453321"}],"collection":[{"href":"http:\/\/desarrollo.grupomedios.com\/futbol\/wp-json\/wp\/v2\/posts"}],"about":[{"href":"http:\/\/desarrollo.grupomedios.com\/futbol\/wp-json\/wp\/v2\/types\/post"}],"author":[{"embeddable":true,"href":"http:\/\/desarrollo.grupomedios.com\/futbol\/wp-json\/wp\/v2\/users\/20"}],"replies":[{"embeddable":true,"href":"http:\/\/desarrollo.grupomedios.com\/futbol\/wp-json\/wp\/v2\/comments?post=453321"}],"version-history":[{"count":0,"href":"http:\/\/desarrollo.grupomedios.com\/futbol\/wp-json\/wp\/v2\/posts\/453321\/revisions"}],"wp:featuredmedia":[{"embeddable":true,"href":"http:\/\/desarrollo.grupomedios.com\/futbol\/wp-json\/wp\/v2\/media\/453330"}],"wp:attachment":[{"href":"http:\/\/desarrollo.grupomedios.com\/futbol\/wp-json\/wp\/v2\/media?parent=453321"}],"wp:term":[{"taxonomy":"category","embeddable":true,"href":"http:\/\/desarrollo.grupomedios.com\/futbol\/wp-json\/wp\/v2\/categories?post=453321"},{"taxonomy":"post_tag","embeddable":true,"href":"http:\/\/desarrollo.grupomedios.com\/futbol\/wp-json\/wp\/v2\/tags?post=453321"}],"curies":[{"name":"wp","href":"https:\/\/api.w.org\/{rel}","templated":true}]}}