{"id":453348,"date":"2017-01-12T11:38:48","date_gmt":"2017-01-12T17:38:48","guid":{"rendered":"https:\/\/www.futboltotal.com.mx\/?p=453348"},"modified":"2017-01-12T11:48:27","modified_gmt":"2017-01-12T17:48:27","slug":"moises-munoz-me-hubiera-gustado-retirarme-en-america","status":"publish","type":"post","link":"http:\/\/desarrollo.grupomedios.com\/futbol\/destacado-home\/moises-munoz-me-hubiera-gustado-retirarme-en-america\/2017\/01","title":{"rendered":"Mois\u00e9s Mu\u00f1oz: &#8220;Me hubiera gustado retirarme en Am\u00e9rica&#8221;"},"content":{"rendered":"<p><strong>Mois\u00e9s Mu\u00f1oz<\/strong> a\u00fan tiene algunas cosas qu\u00e9 decir luego de su salida del <strong>Am\u00e9rica<\/strong> para probar suerte con <strong>Jaguares de Chiapas<\/strong>.<\/p>\n<p>El ahora arquero de los chiapanecos, en declaraciones para Fox Sports, no olvida las formas en que se dio su partida del cuadro de Coapa,\u00a0decisi\u00f3n que le parece injusta debido a que desde su punto de vista su nivel de juego fue bueno durante todo su paso con las \u00c1guilas, adem\u00e1s de que las formas en que actu\u00f3 la directiva azulcrema no fueron las correctas.<\/p>\n<p>&#8220;Me molest\u00f3 el hecho de que no pudiera tener oportunidad en el equipo, porque yo sab\u00eda que estaba en el nivel para seguir jugando con Am\u00e9rica, si yo hubiera tenido torneos malos, hubiera sido comprensible&#8221;, mencion\u00f3 <span style=\"text-decoration: underline;\"><em>Moi<\/em><\/span>.<\/p>\n<p>El arribo del argentino Agust\u00edn Marches\u00edn forz\u00f3 la salida de Mu\u00f1oz, ya que el guardameta sudamericano fue contratado con la idea de ser el titular, dejando en segundo plano al portero mexicano.<\/p>\n<p><a href=\"https:\/\/www.futboltotal.com.mx\/2017\/01\/campeones-goleo-en-torneos-cortos-los-mexicanos\/\">LEER M\u00c1S: CAMPEONES DE GOLEO EN TORNEOS CORTOS, \u00bfY LOS MEXICANOS?<\/a><\/p>\n<p>&#8220;No existi\u00f3 esa oportunidad (de pelear el puesto), la decisi\u00f3n estaba tomada, de hacer un cambio generacional en la instituci\u00f3n. En un principio me hab\u00edan propuesto la idea de continuar; sin embargo, era dif\u00edcil mantener dos n\u00f3minas de esta categor\u00eda y hubo algunas condiciones en el contrato las cuales no acept\u00e9, que no me parecieron adecuadas&#8221;, asegur\u00f3 el arquero.<\/p>\n<p>Mu\u00f1oz asegur\u00f3 que le habr\u00eda gustado extender su etapa con las \u00c1guilas, incluso ya pensaba en que cuando llegara el momento de su retiro lo viviera como azulcrema, para lo que no descarta un regreso a Coapa en un futuro, aunque de momento queda dolido por las formas.<\/p>\n<p>&#8220;Me hubiera gustado que se hubiera hecho de forma distinta, que me hubieran avisado seis meses antes&#8221;, concluy\u00f3.<\/p>\n<p><a href=\"https:\/\/www.futboltotal.com.mx\/2017\/01\/chicharito-acaba-la-sequia-goleadora\/\">LEER M\u00c1S: \u00a1CHICHARITO ACABA CON SU SEQU\u00cdA GOLEADORA!<\/a><\/p>\n","protected":false},"excerpt":{"rendered":"<p>El ahora arquero de los chiapanecos c\u00f3mo sali\u00f3 del cuadro de Coapa.<\/p>\n","protected":false},"author":20,"featured_media":451896,"comment_status":"closed","ping_status":"closed","sticky":false,"template":"","format":"standard","meta":[],"categories":[5,7740,2198,3845],"tags":[1585,5959,5964,7732,4303,64,7746,635],"_links":{"self":[{"href":"http:\/\/desarrollo.grupomedios.com\/futbol\/wp-json\/wp\/v2\/posts\/453348"}],"collection":[{"href":"http:\/\/desarrollo.grupomedios.com\/futbol\/wp-json\/wp\/v2\/posts"}],"about":[{"href":"http:\/\/desarrollo.grupomedios.com\/futbol\/wp-json\/wp\/v2\/types\/post"}],"author":[{"embeddable":true,"href":"http:\/\/desarrollo.grupomedios.com\/futbol\/wp-json\/wp\/v2\/users\/20"}],"replies":[{"embeddable":true,"href":"http:\/\/desarrollo.grupomedios.com\/futbol\/wp-json\/wp\/v2\/comments?post=453348"}],"version-history":[{"count":0,"href":"http:\/\/desarrollo.grupomedios.com\/futbol\/wp-json\/wp\/v2\/posts\/453348\/revisions"}],"wp:featuredmedia":[{"embeddable":true,"href":"http:\/\/desarrollo.grupomedios.com\/futbol\/wp-json\/wp\/v2\/media\/451896"}],"wp:attachment":[{"href":"http:\/\/desarrollo.grupomedios.com\/futbol\/wp-json\/wp\/v2\/media?parent=453348"}],"wp:term":[{"taxonomy":"category","embeddable":true,"href":"http:\/\/desarrollo.grupomedios.com\/futbol\/wp-json\/wp\/v2\/categories?post=453348"},{"taxonomy":"post_tag","embeddable":true,"href":"http:\/\/desarrollo.grupomedios.com\/futbol\/wp-json\/wp\/v2\/tags?post=453348"}],"curies":[{"name":"wp","href":"https:\/\/api.w.org\/{rel}","templated":true}]}}