{"id":453351,"date":"2017-01-12T12:11:57","date_gmt":"2017-01-12T18:11:57","guid":{"rendered":"https:\/\/www.futboltotal.com.mx\/?p=453351"},"modified":"2017-01-12T12:11:57","modified_gmt":"2017-01-12T18:11:57","slug":"carlos-vela-mejor-mexicano-en-europa","status":"publish","type":"post","link":"http:\/\/desarrollo.grupomedios.com\/futbol\/futbol-internacional\/carlos-vela-mejor-mexicano-en-europa\/2017\/01","title":{"rendered":"Carlos Vela, el mejor mexicano en Europa"},"content":{"rendered":"<p><strong>Eusebio Sacrist\u00e1n<\/strong>, estratega del conjunto de la Real Sociedad, elogi\u00f3 la calidad del delantero Carlos Vela y asegur\u00f3 que nunca hab\u00eda visto a un jugador mexicano con sus caracter\u00edsticas.<\/p>\n<blockquote><p>\u201cEs un futbolista con una gran t\u00e9cnica y una gran condici\u00f3n f\u00edsica. Tiene un cambio de ritmo especial, tiene potencia y es muy inteligente en la toma de decisiones. Sus condiciones le hacen ser un jugador de alt\u00edsimo nivel\u201d dijo el estratega en entrevista con el diario <em>Marca<\/em>.<\/p>\n<p style=\"text-align: center;\"><a href=\"https:\/\/www.futboltotal.com.mx\/futbol-internacional\/\"><span style=\"color: #3366ff;\">LEER M\u00c1S: Todas las noticias de mexicanos en Europa<\/span><\/a><\/p>\n<\/blockquote>\n<p><strong>Vela<\/strong> se ha caracterizado por ser un jugador de grandes condiciones t\u00e9cnicas -por ello lo fich\u00f3 el Arsenal a los 17 a\u00f1os-; sin embargo, en m\u00e1s de una ocasi\u00f3n le ha faltado mantener un alto nivel de competencia.<\/p>\n<p>A pesar de que con los de Anoeta no se ha visto ausente de dichos altibajos, Sacrist\u00e1n consider\u00f3 que es la instituci\u00f3n donde m\u00e1s c\u00f3modo se le ha visto y mejores resultados ha mostrado.<\/p>\n<blockquote><p>\u201c<strong>Vela<\/strong> muchas veces se deja llevar por sus sentimientos, por si est\u00e1 contento con lo que le rodea, por una serie de aspectos que hace que \u00e9l, si no siente que lo tiene, quiere cambiar de aires e ir a otro lado en el que pueda disfrutar de las condiciones que anhela\u201d, dijo el director t\u00e9cnico de 52 a\u00f1os.<\/p><\/blockquote>\n<p>El DT confirm\u00f3 que el <em>Bombardero<\/em>\u00a0estuvo muy cerca de cambiar de club en el verano pasado, ya que ten\u00eda varias ofertas, pero una charla que tuvo con \u00e9l fue determinante para convencerlo de permanecer en la Real.<\/p>\n<p>En este curso, Vela ha marcado cinco tantos en el torneo de liga y de a poco vuelve a ser una de las piezas clave del equipo, por lo que Sacrist\u00e1n no duda de que hoy cuenta con el mejor mexicano que milita en Europa.<\/p>\n<blockquote><p>\u201cNo he visto a ning\u00fan otro jugador mexicano como \u00e9l. He coincidido con Rafa M\u00e1rquez y algunos otros, de generaciones y posiciones distintas, pero no con un mexicano tan desequilibrante como es Carlos\u201d, dijo Sacrist\u00e1n.<\/p><\/blockquote>\n<p>El campe\u00f3n del mundo sub 17 con M\u00e9xico, encendi\u00f3 las alarmas durante la semana, luego de resentirse de una molestia en la rodilla izquierda, por lo que no se sabe con certeza cu\u00e1ndo volver\u00e1 las canchas, lo que s\u00ed se conoce con seguridad, es que su timonel deposita grandes ilusiones en el talentoso e intermitente atacante mexicano.<\/p>\n","protected":false},"excerpt":{"rendered":"<p>El DT de la Real valor\u00f3 la evoluci\u00f3n del delantero mexicano en la Real Sociedad.<\/p>\n","protected":false},"author":20,"featured_media":453357,"comment_status":"closed","ping_status":"closed","sticky":false,"template":"","format":"standard","meta":[],"categories":[3839,6718,5951],"tags":[6048,102],"_links":{"self":[{"href":"http:\/\/desarrollo.grupomedios.com\/futbol\/wp-json\/wp\/v2\/posts\/453351"}],"collection":[{"href":"http:\/\/desarrollo.grupomedios.com\/futbol\/wp-json\/wp\/v2\/posts"}],"about":[{"href":"http:\/\/desarrollo.grupomedios.com\/futbol\/wp-json\/wp\/v2\/types\/post"}],"author":[{"embeddable":true,"href":"http:\/\/desarrollo.grupomedios.com\/futbol\/wp-json\/wp\/v2\/users\/20"}],"replies":[{"embeddable":true,"href":"http:\/\/desarrollo.grupomedios.com\/futbol\/wp-json\/wp\/v2\/comments?post=453351"}],"version-history":[{"count":0,"href":"http:\/\/desarrollo.grupomedios.com\/futbol\/wp-json\/wp\/v2\/posts\/453351\/revisions"}],"wp:featuredmedia":[{"embeddable":true,"href":"http:\/\/desarrollo.grupomedios.com\/futbol\/wp-json\/wp\/v2\/media\/453357"}],"wp:attachment":[{"href":"http:\/\/desarrollo.grupomedios.com\/futbol\/wp-json\/wp\/v2\/media?parent=453351"}],"wp:term":[{"taxonomy":"category","embeddable":true,"href":"http:\/\/desarrollo.grupomedios.com\/futbol\/wp-json\/wp\/v2\/categories?post=453351"},{"taxonomy":"post_tag","embeddable":true,"href":"http:\/\/desarrollo.grupomedios.com\/futbol\/wp-json\/wp\/v2\/tags?post=453351"}],"curies":[{"name":"wp","href":"https:\/\/api.w.org\/{rel}","templated":true}]}}