{"id":453358,"date":"2017-01-12T12:20:38","date_gmt":"2017-01-12T18:20:38","guid":{"rendered":"https:\/\/www.futboltotal.com.mx\/?p=453358"},"modified":"2017-01-12T13:20:31","modified_gmt":"2017-01-12T19:20:31","slug":"jugador-la-liga-mx-en-la-mira-la-seleccion-brasilena","status":"publish","type":"post","link":"http:\/\/desarrollo.grupomedios.com\/futbol\/destacado-home\/jugador-la-liga-mx-en-la-mira-la-seleccion-brasilena\/2017\/01","title":{"rendered":"Un jugador de la Liga MX en la mira de la selecci\u00f3n brasile\u00f1a"},"content":{"rendered":"<p>La internacionalizaci\u00f3n de la <strong>Liga MX<\/strong> es uno de los objetivos que tienen los directivos mexicanos y parece que esta podr\u00eda encontrar un nuevo argumento gracias a un futbolista que ya se encuentra en ella.<\/p>\n<p>Y no se trata de Andr\u00e9-Pierre Gignac, quien ya ha contribuido a que el torneo mexicano suene en el extranjero. En esta ocasi\u00f3n, el jugador en cuesti\u00f3n es de origen sudamericano.<\/p>\n<p style=\"text-align: center;\"><a href=\"https:\/\/www.futboltotal.com.mx\/2017\/01\/la-liga-mx-extranjera-la-historia\/\" target=\"_blank\"><span style=\"color: #3366ff;\"><strong>LEER M\u00c1S: La Liga MX m\u00e1s extranjera de la historia<\/strong><\/span><\/a><\/p>\n<p>En concreto, se trata de Tiago Volpi. Durante la tarde del mi\u00e9rcoles, el reportero de FOX Sports Ren\u00e9 Trejo report\u00f3 que el portero brasile\u00f1o del Quer\u00e9taro estaba siendo seguido de cerca por visores de la selecci\u00f3n de su pa\u00eds.<\/p>\n<p>La informaci\u00f3n ha cobrado car\u00e1cter oficial, pues este jueves fue confirmada en conferencia de prensa por Joaqu\u00edn Beltr\u00e1n.<\/p>\n<blockquote class=\"twitter-tweet\" data-lang=\"es\">\n<p dir=\"ltr\" lang=\"es\"><a href=\"https:\/\/twitter.com\/hashtag\/Quer%C3%A9taro?src=hash\">#Quer\u00e9taro<\/a> <a href=\"https:\/\/twitter.com\/hashtag\/GallosBlancos?src=hash\">#GallosBlancos<\/a><\/p>\n<p>Tiago Volpi sue\u00f1a con vestir la camiseta de Brasil y hay rumores que indican que pudiera ser visoreado<\/p>\n<p>\u2014 Ren\u00e9 Trejo (@renetrejo19) <a href=\"https:\/\/twitter.com\/renetrejo19\/status\/819287737262030860\">11 de enero de 2017<\/a><\/p><\/blockquote>\n<p><script async src=\"\/\/platform.twitter.com\/widgets.js\" charset=\"utf-8\"><\/script><\/p>\n<p>El presidente deportivo de los <em>Gallos<\/em> declar\u00f3 que Volpi ser\u00e1 observado por gente de la <em>Canarinha<\/em>: \u201cNos llena de orgullo que lo vengan a ver. Se merece una oportunidad\u201d.<\/p>\n<p>El portero amaz\u00f3nico lleg\u00f3 al cuadro queretano para el Clausura 2015 y se ha consolidado como uno de los mejores de la <strong>Liga MX<\/strong>; en los dos a\u00f1os que ha estado en M\u00e9xico, ha disputado ya una final de liga y gan\u00f3 una de Copa.<\/p>\n<p><a href=\"https:\/\/twitter.com\/MXFutbolTotal\" target=\"_blank\"><span style=\"color: #3366ff;\"><strong>S\u00edguenos en Twitter: @MXFutbolTotal<\/strong><\/span><\/a><\/p>\n","protected":false},"excerpt":{"rendered":"<p>La Liga MX busca internacionalizarse y un llamado a este jugador podr\u00eda ayudarla.<\/p>\n","protected":false},"author":20,"featured_media":441788,"comment_status":"closed","ping_status":"closed","sticky":false,"template":"","format":"standard","meta":[],"categories":[5,2198,3845,5950],"tags":[6009,7998,64,65,5970],"_links":{"self":[{"href":"http:\/\/desarrollo.grupomedios.com\/futbol\/wp-json\/wp\/v2\/posts\/453358"}],"collection":[{"href":"http:\/\/desarrollo.grupomedios.com\/futbol\/wp-json\/wp\/v2\/posts"}],"about":[{"href":"http:\/\/desarrollo.grupomedios.com\/futbol\/wp-json\/wp\/v2\/types\/post"}],"author":[{"embeddable":true,"href":"http:\/\/desarrollo.grupomedios.com\/futbol\/wp-json\/wp\/v2\/users\/20"}],"replies":[{"embeddable":true,"href":"http:\/\/desarrollo.grupomedios.com\/futbol\/wp-json\/wp\/v2\/comments?post=453358"}],"version-history":[{"count":0,"href":"http:\/\/desarrollo.grupomedios.com\/futbol\/wp-json\/wp\/v2\/posts\/453358\/revisions"}],"wp:featuredmedia":[{"embeddable":true,"href":"http:\/\/desarrollo.grupomedios.com\/futbol\/wp-json\/wp\/v2\/media\/441788"}],"wp:attachment":[{"href":"http:\/\/desarrollo.grupomedios.com\/futbol\/wp-json\/wp\/v2\/media?parent=453358"}],"wp:term":[{"taxonomy":"category","embeddable":true,"href":"http:\/\/desarrollo.grupomedios.com\/futbol\/wp-json\/wp\/v2\/categories?post=453358"},{"taxonomy":"post_tag","embeddable":true,"href":"http:\/\/desarrollo.grupomedios.com\/futbol\/wp-json\/wp\/v2\/tags?post=453358"}],"curies":[{"name":"wp","href":"https:\/\/api.w.org\/{rel}","templated":true}]}}