{"id":453374,"date":"2017-01-12T14:06:17","date_gmt":"2017-01-12T20:06:17","guid":{"rendered":"https:\/\/www.futboltotal.com.mx\/?p=453374"},"modified":"2017-01-12T14:07:58","modified_gmt":"2017-01-12T20:07:58","slug":"pepe-renovara-real-madrid","status":"publish","type":"post","link":"http:\/\/desarrollo.grupomedios.com\/futbol\/futbol-internacional\/pepe-renovara-real-madrid\/2017\/01","title":{"rendered":"Pepe sacrifica el dinero por el Real Madrid y Portugal"},"content":{"rendered":"<p>El defensa central <strong>Pepe<\/strong> aceptar\u00e1 la oferta de renovaci\u00f3n del Real Madrid por un a\u00f1o m\u00e1s de su contrato que finalizaba el 30 de junio pr\u00f3ximo.<\/p>\n<p style=\"text-align: center;\"><a href=\"https:\/\/www.futboltotal.com.mx\/2017\/01\/cristiano-ronaldo-ahora-suena-ganar-la-confederaciones\/\"><span style=\"color: #3366ff;\">LEER M\u00c1S: Cristiano Ronaldo ahora sue\u00f1a con ganar la Confederaciones<\/span><\/a><\/p>\n<p>Seg\u00fan informa el diario portugu\u00e9s <em>A Bola<\/em>, el central acept\u00f3 la oferta de cinco millones de euros anuales que le propuso el Real Madrid. De esta forma, <strong>Pepe<\/strong> rechaz\u00f3 jugosas ofertas de China, en donde le buscaban clubes como Guangzhou dirigido por el brasile\u00f1o Luiz Felipe Scolari y el Shanghai, entrenado por su compatriota Andr\u00e9 Villas-Boas.<\/p>\n<p>La publicaci\u00f3n a\u00f1ade que el objetivo del zaguero es jugar el Mundial de Rusia de 2018 con Portugal, por ello considera pertinente quedarse en el Real Madrid, porque al irse a China disminuir\u00edan las convocatorias del seleccionador luso Fernando Santos.<\/p>\n<p style=\"text-align: center;\"><a href=\"https:\/\/www.futboltotal.com.mx\/2017\/01\/carlos-vela-mejor-mexicano-en-europa\/\"><span style=\"color: #3366ff;\">LEER M\u00c1S: Carlos Vela, el mejor mexicano en Europa<\/span><\/a><\/p>\n<p>El portugu\u00e9s, que lleg\u00f3 al club blanco en 2007, es uno de los l\u00edderes del vestuario y, aunque algunas lesiones le han restado partidos en la presente temporada, Zinedie Zidane, t\u00e9cnico del Real Madrid, le considera pieza clave: &#8220;Me gustar\u00eda que Pepe siguiera en el Madrid&#8221;.<\/p>\n<p><b>S\u00edguenos en <span id=\"m_-1504309337604556822goog_2054972132\"><\/span>Twitter <a href=\"https:\/\/twitter.com\/MXFutbolTotal\" target=\"_blank\" data-saferedirecturl=\"https:\/\/www.google.com\/url?hl=es&amp;q=https:\/\/twitter.com\/MXFutbolTotal&amp;source=gmail&amp;ust=1484336966724000&amp;usg=AFQjCNGvlfNtGLcOhll0VfkEi1Gbx4P5Qg\">@MXFutbolTotal<\/a><\/b><\/p>\n","protected":false},"excerpt":{"rendered":"<p>El zaguero considera que irse a China afectar\u00eda en sus convocatorias a la selecci\u00f3n.<\/p>\n","protected":false},"author":20,"featured_media":453383,"comment_status":"closed","ping_status":"closed","sticky":false,"template":"","format":"standard","meta":[],"categories":[3839,3844],"tags":[7999,176,715,5988,8000],"_links":{"self":[{"href":"http:\/\/desarrollo.grupomedios.com\/futbol\/wp-json\/wp\/v2\/posts\/453374"}],"collection":[{"href":"http:\/\/desarrollo.grupomedios.com\/futbol\/wp-json\/wp\/v2\/posts"}],"about":[{"href":"http:\/\/desarrollo.grupomedios.com\/futbol\/wp-json\/wp\/v2\/types\/post"}],"author":[{"embeddable":true,"href":"http:\/\/desarrollo.grupomedios.com\/futbol\/wp-json\/wp\/v2\/users\/20"}],"replies":[{"embeddable":true,"href":"http:\/\/desarrollo.grupomedios.com\/futbol\/wp-json\/wp\/v2\/comments?post=453374"}],"version-history":[{"count":0,"href":"http:\/\/desarrollo.grupomedios.com\/futbol\/wp-json\/wp\/v2\/posts\/453374\/revisions"}],"wp:featuredmedia":[{"embeddable":true,"href":"http:\/\/desarrollo.grupomedios.com\/futbol\/wp-json\/wp\/v2\/media\/453383"}],"wp:attachment":[{"href":"http:\/\/desarrollo.grupomedios.com\/futbol\/wp-json\/wp\/v2\/media?parent=453374"}],"wp:term":[{"taxonomy":"category","embeddable":true,"href":"http:\/\/desarrollo.grupomedios.com\/futbol\/wp-json\/wp\/v2\/categories?post=453374"},{"taxonomy":"post_tag","embeddable":true,"href":"http:\/\/desarrollo.grupomedios.com\/futbol\/wp-json\/wp\/v2\/tags?post=453374"}],"curies":[{"name":"wp","href":"https:\/\/api.w.org\/{rel}","templated":true}]}}