{"id":453402,"date":"2017-01-12T14:55:19","date_gmt":"2017-01-12T20:55:19","guid":{"rendered":"https:\/\/www.futboltotal.com.mx\/?p=453402"},"modified":"2017-01-12T14:55:19","modified_gmt":"2017-01-12T20:55:19","slug":"reportera-the-suns-pierde-camara-en-mexico","status":"publish","type":"post","link":"http:\/\/desarrollo.grupomedios.com\/futbol\/no-todo-es-futbol\/reportera-the-suns-pierde-camara-en-mexico\/2017\/01","title":{"rendered":"Reportera de The Suns &#8216;pierde&#8217; c\u00e1mara en M\u00e9xico"},"content":{"rendered":"<p>La conductora y reportera, <strong>Lindsey Smith<\/strong>, quien acompa\u00f1a a los <strong>Suns<\/strong> de la NBA, mientras se encuentran en M\u00e9xico, ya prob\u00f3 el sabor del extrav\u00edo de sus pertenencias, en suelo azteca, pues en el d\u00eda previo al encuentro que se celebrar\u00e1 en la Arena Ciudad de M\u00e9xico, le dieron por perdida su c\u00e1mara de video.<\/p>\n<blockquote class=\"twitter-tweet\" data-width=\"500\">\n<p lang=\"en\" dir=\"ltr\">\u2022 Grasshoppers to taste, \u221a<br \/>\u2022 Juju on live television, \u221a<br \/>\u2022 NBA Cares Clinic, \u221a  <\/p>\n<p> Peep some highlights from our trip thus far <a href=\"https:\/\/twitter.com\/hashtag\/SunsInMexico?src=hash\">#SunsInMexico<\/a> <a href=\"https:\/\/t.co\/OkLG5rOFlp\">pic.twitter.com\/OkLG5rOFlp<\/a><\/p>\n<p>&mdash; Phoenix Suns (@Suns) <a href=\"https:\/\/twitter.com\/Suns\/status\/819573231006822400\">January 12, 2017<\/a><\/p><\/blockquote>\n<p><script async src=\"\/\/platform.twitter.com\/widgets.js\" charset=\"utf-8\"><\/script><\/p>\n<p>De acuerdo al portal de <em>El Universal,<\/em> <strong>Lindsey Smith<\/strong> report\u00f3 que hab\u00eda perdido la c\u00e1mara con la que filman los videos para la web y redes sociales de <strong>The Suns<\/strong>, as\u00ed que como medida de seguridad, el personal de la Arena Ciudad de M\u00e9xico hizo que todo el personal de prensa que asisti\u00f3 al entrenamiento de los equipos de la NBA del pasado mi\u00e9rcoles, abriera sus maletas, para buscar el equipo.<\/p>\n<p style=\"text-align: center;\"><span style=\"color: #3366ff;\"><a style=\"color: #3366ff;\" href=\"https:\/\/www.futboltotal.com.mx\/2017\/01\/sophie-turner-inspiracion-los-carneros\/\" target=\"_blank\"><strong>LEER M\u00c1S: Sophie Turner, musa de los Carneros<\/strong><\/a><\/span><\/p>\n<p><a href=\"https:\/\/www.futboltotal.com.mx\/wp-content\/uploads\/2017\/01\/reportera-el-universal.jpg\"><img decoding=\"async\" loading=\"lazy\" class=\"alignnone size-full wp-image-453404\" src=\"https:\/\/www.futboltotal.com.mx\/wp-content\/uploads\/2017\/01\/reportera-el-universal.jpg\" alt=\"reportera-el-universal\" srcset=\"http:\/\/desarrollo.grupomedios.com\/futbol\/wp-content\/uploads\/2017\/01\/reportera-el-universal.jpg 1136w, http:\/\/desarrollo.grupomedios.com\/futbol\/wp-content\/uploads\/2017\/01\/reportera-el-universal-300x169.jpg 300w, http:\/\/desarrollo.grupomedios.com\/futbol\/wp-content\/uploads\/2017\/01\/reportera-el-universal-768x432.jpg 768w, http:\/\/desarrollo.grupomedios.com\/futbol\/wp-content\/uploads\/2017\/01\/reportera-el-universal-1024x576.jpg 1024w, http:\/\/desarrollo.grupomedios.com\/futbol\/wp-content\/uploads\/2017\/01\/reportera-el-universal-317x178.jpg 317w, http:\/\/desarrollo.grupomedios.com\/futbol\/wp-content\/uploads\/2017\/01\/reportera-el-universal-535x301.jpg 535w, http:\/\/desarrollo.grupomedios.com\/futbol\/wp-content\/uploads\/2017\/01\/reportera-el-universal-374x210.jpg 374w\" sizes=\"(max-width: 1136px) 100vw, 1136px\" \/><\/a><\/p>\n<p>Sin embargo, la c\u00e1mara nunca apareci\u00f3, as\u00ed que la reportera tendr\u00e1 que trabajar con un nuevo equipo este jueves 12 de enero, d\u00eda en que Suns y Mavericks se miden en duelo de la NBA fuera de su pa\u00eds.<\/p>\n<blockquote class=\"twitter-tweet\" data-width=\"500\">\n<p lang=\"en\" dir=\"ltr\">Cue <a href=\"https:\/\/twitter.com\/rihanna\">@rihanna<\/a>&#39;s work work work work work work song. <a href=\"https:\/\/twitter.com\/hashtag\/SunsinMexico?src=hash\">#SunsinMexico<\/a> <a href=\"https:\/\/t.co\/4TkQaUGjsZ\">pic.twitter.com\/4TkQaUGjsZ<\/a><\/p>\n<p>&mdash; Lindsey Smith (@LindseySmithAZ) <a href=\"https:\/\/twitter.com\/LindseySmithAZ\/status\/819595928432676865\">January 12, 2017<\/a><\/p><\/blockquote>\n<p><script async src=\"\/\/platform.twitter.com\/widgets.js\" charset=\"utf-8\"><\/script><\/p>\n<p><strong>S\u00edguenos en Twitter<\/strong>: <a href=\"https:\/\/twitter.com\/MXFutbolTotal\" target=\"_blank\">@MXFutbolTotal<\/a><\/p>\n","protected":false},"excerpt":{"rendered":"<p>El equipo de Lindsey Smith desapareci\u00f3 de la Arena CDMX.<\/p>\n","protected":false},"author":20,"featured_media":453405,"comment_status":"closed","ping_status":"closed","sticky":false,"template":"","format":"standard","meta":[],"categories":[5814,5418,6411],"tags":[5461],"_links":{"self":[{"href":"http:\/\/desarrollo.grupomedios.com\/futbol\/wp-json\/wp\/v2\/posts\/453402"}],"collection":[{"href":"http:\/\/desarrollo.grupomedios.com\/futbol\/wp-json\/wp\/v2\/posts"}],"about":[{"href":"http:\/\/desarrollo.grupomedios.com\/futbol\/wp-json\/wp\/v2\/types\/post"}],"author":[{"embeddable":true,"href":"http:\/\/desarrollo.grupomedios.com\/futbol\/wp-json\/wp\/v2\/users\/20"}],"replies":[{"embeddable":true,"href":"http:\/\/desarrollo.grupomedios.com\/futbol\/wp-json\/wp\/v2\/comments?post=453402"}],"version-history":[{"count":0,"href":"http:\/\/desarrollo.grupomedios.com\/futbol\/wp-json\/wp\/v2\/posts\/453402\/revisions"}],"wp:featuredmedia":[{"embeddable":true,"href":"http:\/\/desarrollo.grupomedios.com\/futbol\/wp-json\/wp\/v2\/media\/453405"}],"wp:attachment":[{"href":"http:\/\/desarrollo.grupomedios.com\/futbol\/wp-json\/wp\/v2\/media?parent=453402"}],"wp:term":[{"taxonomy":"category","embeddable":true,"href":"http:\/\/desarrollo.grupomedios.com\/futbol\/wp-json\/wp\/v2\/categories?post=453402"},{"taxonomy":"post_tag","embeddable":true,"href":"http:\/\/desarrollo.grupomedios.com\/futbol\/wp-json\/wp\/v2\/tags?post=453402"}],"curies":[{"name":"wp","href":"https:\/\/api.w.org\/{rel}","templated":true}]}}