{"id":453494,"date":"2017-01-12T19:47:18","date_gmt":"2017-01-13T01:47:18","guid":{"rendered":"https:\/\/www.futboltotal.com.mx\/?p=453494"},"modified":"2017-01-12T19:51:25","modified_gmt":"2017-01-13T01:51:25","slug":"necaxa-pierde-a-edson-puch-tiempo-indefinido","status":"publish","type":"post","link":"http:\/\/desarrollo.grupomedios.com\/futbol\/futbol-mexicano\/necaxa-pierde-a-edson-puch-tiempo-indefinido\/2017\/01","title":{"rendered":"Necaxa pierde a Edson Puch por tiempo indefinido"},"content":{"rendered":"<p>Esta semana, <strong>Necaxa<\/strong> dio a conocer el reporte m\u00e9dico del delantero chileno, <strong>Edson Puch<\/strong>, quien se lastim\u00f3 durante el partido ante Cruz Azul, de la jornada 1 del Clausura 2017. El <em>andino<\/em> tiene una tendinitis rotuliana, que lo tendr\u00e1 al margen de la actividad, durante algunas semanas.<\/p>\n<p>\u201cDespu\u00e9s de los estudios realizados a nuestro jugador <strong>Edson Puch<\/strong>, el cuerpo m\u00e9dico de la instituci\u00f3n diagnostic\u00f3 una tendinitis rotuliana del lado derecho. Puch inici\u00f3 esta semana con trabajo de terapia en las instalaciones de Casa Club <strong>Necaxa<\/strong>. El tiempo de rehabilitaci\u00f3n quedar\u00e1 a consideraci\u00f3n de acuerdo a la evoluci\u00f3n que presente el jugador antes de que pueda integrarse de nuevo al trabajo con el resto del equipo\u201d, explicaron los <em>Rayos<\/em> en comunicado.<\/p>\n<p style=\"text-align: center;\"><span style=\"color: #3366ff;\"><a style=\"color: #3366ff;\" href=\"https:\/\/www.futboltotal.com.mx\/2017\/01\/las-famosas-aficionadas-la-liga-mx\/\" target=\"_blank\"><strong>LEER M\u00c1S: Las m\u00e1s bellas y famosas fans del Necaxa<\/strong><\/a><\/span><\/p>\n<blockquote class=\"twitter-tweet\" data-width=\"500\">\n<p lang=\"es\" dir=\"ltr\">Reporte m\u00e9dico sobre la lesi\u00f3n de <a href=\"https:\/\/twitter.com\/EdsonPuchCortez\">@EdsonPuchCortez<\/a> <a href=\"https:\/\/t.co\/uTPZwkKnu5\">https:\/\/t.co\/uTPZwkKnu5<\/a> <a href=\"https:\/\/twitter.com\/hashtag\/UnidosNadaNosDetiene?src=hash\">#UnidosNadaNosDetiene<\/a> <a href=\"https:\/\/t.co\/WiH5uqW95O\">pic.twitter.com\/WiH5uqW95O<\/a><\/p>\n<p>&mdash; Club Necaxa \u26a1 (@ClubNecaxa) <a href=\"https:\/\/twitter.com\/ClubNecaxa\/status\/818991066196090880\">January 11, 2017<\/a><\/p><\/blockquote>\n<p><script async src=\"\/\/platform.twitter.com\/widgets.js\" charset=\"utf-8\"><\/script><\/p>\n<p><strong>Edson Puch<\/strong> sufri\u00f3 varias lesiones durante el Apertura 2016, la mayor\u00eda de ellas le impidieron \u00fanicamente ausentarse los juegos de la selecci\u00f3n de Chile, mas no de los encuentros del <strong>Necaxa<\/strong>, por lo que en esta ocasi\u00f3n, los Rayos jugar\u00edan su primer encuentro sin el andino, desde que lleg\u00f3 al balompi\u00e9<em> azteca<\/em>.<\/p>\n<p><strong>S\u00edguenos en Twitter<\/strong>: <a href=\"https:\/\/twitter.com\/MXFutbolTotal\" target=\"_blank\">@MXFutbolTotal<\/a><\/p>\n","protected":false},"excerpt":{"rendered":"<p>Los Rayos no saben cu\u00e1ndo podr\u00e1n recuperar a su figura.<\/p>\n","protected":false},"author":20,"featured_media":453495,"comment_status":"closed","ping_status":"closed","sticky":false,"template":"","format":"standard","meta":[],"categories":[2198,3845],"tags":[7454,261],"_links":{"self":[{"href":"http:\/\/desarrollo.grupomedios.com\/futbol\/wp-json\/wp\/v2\/posts\/453494"}],"collection":[{"href":"http:\/\/desarrollo.grupomedios.com\/futbol\/wp-json\/wp\/v2\/posts"}],"about":[{"href":"http:\/\/desarrollo.grupomedios.com\/futbol\/wp-json\/wp\/v2\/types\/post"}],"author":[{"embeddable":true,"href":"http:\/\/desarrollo.grupomedios.com\/futbol\/wp-json\/wp\/v2\/users\/20"}],"replies":[{"embeddable":true,"href":"http:\/\/desarrollo.grupomedios.com\/futbol\/wp-json\/wp\/v2\/comments?post=453494"}],"version-history":[{"count":0,"href":"http:\/\/desarrollo.grupomedios.com\/futbol\/wp-json\/wp\/v2\/posts\/453494\/revisions"}],"wp:featuredmedia":[{"embeddable":true,"href":"http:\/\/desarrollo.grupomedios.com\/futbol\/wp-json\/wp\/v2\/media\/453495"}],"wp:attachment":[{"href":"http:\/\/desarrollo.grupomedios.com\/futbol\/wp-json\/wp\/v2\/media?parent=453494"}],"wp:term":[{"taxonomy":"category","embeddable":true,"href":"http:\/\/desarrollo.grupomedios.com\/futbol\/wp-json\/wp\/v2\/categories?post=453494"},{"taxonomy":"post_tag","embeddable":true,"href":"http:\/\/desarrollo.grupomedios.com\/futbol\/wp-json\/wp\/v2\/tags?post=453494"}],"curies":[{"name":"wp","href":"https:\/\/api.w.org\/{rel}","templated":true}]}}