{"id":453501,"date":"2017-01-12T20:36:12","date_gmt":"2017-01-13T02:36:12","guid":{"rendered":"https:\/\/www.futboltotal.com.mx\/?p=453501"},"modified":"2017-01-12T20:36:12","modified_gmt":"2017-01-13T02:36:12","slug":"ramos-manda-mensaje-a-los-se-acuerdan-madre","status":"publish","type":"post","link":"http:\/\/desarrollo.grupomedios.com\/futbol\/futbol-internacional\/ramos-manda-mensaje-a-los-se-acuerdan-madre\/2017\/01","title":{"rendered":"Ramos manda mensaje a los que se acuerdan de su madre"},"content":{"rendered":"<p>El capit\u00e1n del Real Madrid, Sergio Ramos, ha manifestado que no le sale celebrar un gol en un estadio que considera su &#8220;casa&#8221; pero hizo &#8220;un gesto a una parte de la grada&#8221; porque &#8220;cuando se acuerdan de tu madre&#8230;&#8221;.<\/p>\n<p>Despu\u00e9s de marcar, de penalti, el 3-2 que pr\u00e1cticamente sentenciaba la eliminatoria, el defensor internacional pidi\u00f3 disculpas a la afici\u00f3n de su ex equipo para enseguida encararse con la grada en la que se sit\u00faan los hinchas radicales, que no hab\u00edan cesado de insultarlo en todo el partido.<\/p>\n<p style=\"text-align: center;\"><span style=\"color: #3366ff;\"><a style=\"color: #3366ff;\" href=\"https:\/\/www.futboltotal.com.mx\/2017\/01\/benzema-salva-record-del-real-madrid-en-sevilla\/\" target=\"_blank\">LEER M\u00c1S: Benzema salva r\u00e9cord del Real Madrid en Sevilla<\/a><\/span><\/p>\n<blockquote><p>&#8220;No me he calentado ni le he faltado a la afici\u00f3n porque no me sale celebrar un gol aqu\u00ed. Le pido perd\u00f3n a una parte pero a otros no. No quiero hacer una bola m\u00e1s grande. Sevilla es mi casa, pero me debo al Madrid&#8221;, ha a\u00f1adido el jugador internacional.<\/p><\/blockquote>\n<p>Sergio Ramos lamenta si &#8220;la gente no ha entendido&#8221; su gesto aunque le gustar\u00eda ser recibido de otra manera porque ser\u00e1 &#8220;enterrado con una bandera del Sevilla y otra del Real Madrid&#8221;, ya que el club donde se form\u00f3 es -reiter\u00f3- su &#8220;casa&#8221;.<\/p>\n<p>El jugador de Camas ha opinado que &#8220;el presidente del Sevilla debe tomar medidas para que la afici\u00f3n no quede manchada&#8221; por el comportamiento del sector radical, pues \u00e9l ha &#8220;intentando arreglar esto, pero se puede a ir uno por uno para dar explicaciones&#8221;, ha se\u00f1alado Ramos, quien desea &#8220;no ser noticia cada vez que venga aqu\u00ed&#8221;<\/p>\n","protected":false},"excerpt":{"rendered":"<p>Sergio Ramos se enganch\u00f3 con un sector de la afici\u00f3n de Sevilla.<\/p>\n","protected":false},"author":144,"featured_media":453502,"comment_status":"closed","ping_status":"closed","sticky":false,"template":"","format":"standard","meta":[],"categories":[3839,3844],"tags":[5988,6020],"_links":{"self":[{"href":"http:\/\/desarrollo.grupomedios.com\/futbol\/wp-json\/wp\/v2\/posts\/453501"}],"collection":[{"href":"http:\/\/desarrollo.grupomedios.com\/futbol\/wp-json\/wp\/v2\/posts"}],"about":[{"href":"http:\/\/desarrollo.grupomedios.com\/futbol\/wp-json\/wp\/v2\/types\/post"}],"author":[{"embeddable":true,"href":"http:\/\/desarrollo.grupomedios.com\/futbol\/wp-json\/wp\/v2\/users\/144"}],"replies":[{"embeddable":true,"href":"http:\/\/desarrollo.grupomedios.com\/futbol\/wp-json\/wp\/v2\/comments?post=453501"}],"version-history":[{"count":0,"href":"http:\/\/desarrollo.grupomedios.com\/futbol\/wp-json\/wp\/v2\/posts\/453501\/revisions"}],"wp:featuredmedia":[{"embeddable":true,"href":"http:\/\/desarrollo.grupomedios.com\/futbol\/wp-json\/wp\/v2\/media\/453502"}],"wp:attachment":[{"href":"http:\/\/desarrollo.grupomedios.com\/futbol\/wp-json\/wp\/v2\/media?parent=453501"}],"wp:term":[{"taxonomy":"category","embeddable":true,"href":"http:\/\/desarrollo.grupomedios.com\/futbol\/wp-json\/wp\/v2\/categories?post=453501"},{"taxonomy":"post_tag","embeddable":true,"href":"http:\/\/desarrollo.grupomedios.com\/futbol\/wp-json\/wp\/v2\/tags?post=453501"}],"curies":[{"name":"wp","href":"https:\/\/api.w.org\/{rel}","templated":true}]}}