{"id":453524,"date":"2017-01-13T09:22:03","date_gmt":"2017-01-13T15:22:03","guid":{"rendered":"https:\/\/www.futboltotal.com.mx\/?p=453524"},"modified":"2017-01-13T09:22:03","modified_gmt":"2017-01-13T15:22:03","slug":"carlos-gullit-pena-detenido-en-leon-chocar","status":"publish","type":"post","link":"http:\/\/desarrollo.grupomedios.com\/futbol\/destacado-home\/carlos-gullit-pena-detenido-en-leon-chocar\/2017\/01","title":{"rendered":"&#8216;Gullit&#8217; Pe\u00f1a es detenido en Le\u00f3n por chocar"},"content":{"rendered":"<p>Parece que los problemas siguen para <strong>Carlos Pe\u00f1a,<\/strong> pues ahora en su regres\u00f3 a Le\u00f3n, el jugador de los <em>Esmeraldas<\/em> tuvo un accidente donde choc\u00f3 su automovil y despu\u00e9s fue detenido por los elementos de tr\u00e1nsito.<\/p>\n<p>El Gullit choc\u00f3 su mini cooper de color negro y despu\u00e9s fue trasladado a una delegaci\u00f3n de tr\u00e1nsito para dar su declaraci\u00f3n, as\u00ed lo inform\u00f3 la cuenta de Twitter del Le\u00f3n.<\/p>\n<blockquote class=\"twitter-tweet\" data-width=\"500\">\n<p lang=\"es\" dir=\"ltr\">Informaci\u00f3n Oficial.<br \/>Carlos Pe\u00f1a sufri\u00f3 un accidente vial. El jugador brinda su declaraci\u00f3n tras presentarse da\u00f1os materiales leves.<\/p>\n<p>&mdash; Club Le\u00f3n (@clubleonfc) <a href=\"https:\/\/twitter.com\/clubleonfc\/status\/819762175619330048\">January 13, 2017<\/a><\/p><\/blockquote>\n<p><script async src=\"\/\/platform.twitter.com\/widgets.js\" charset=\"utf-8\"><\/script><\/p>\n<p>A pesar de que medios locales manejaban que Pe\u00f1a iba con aliento alcoh\u00f3lico o que su hermano era quien manejaba el automovil y tra\u00edan unas cervezas, esta versi\u00f3n nunca fue confirmada y un par de horas despu\u00e9s, el jugador fue liberado.<\/p>\n<p>El club Esmeralda fue quien confirm\u00f3 la noticia y destac\u00f3 que no tuvo ning\u00fan tipo de lesi\u00f3n, por lo que el Gullit Pe\u00f1a ya se encontraba en su domicilio.<\/p>\n<p>&nbsp;<\/p>\n<blockquote class=\"twitter-tweet\" data-width=\"500\">\n<p lang=\"es\" dir=\"ltr\">Informaci\u00f3n Oficial<br \/>Tras el incidente de tr\u00e1nsito, el jugador Carlos &quot;Gullit&quot; Pe\u00f1a no present\u00f3 lesiones y ya se encuentra en su domicilio.<\/p>\n<p>&mdash; Club Le\u00f3n (@clubleonfc) <a href=\"https:\/\/twitter.com\/clubleonfc\/status\/819779025862205440\">January 13, 2017<\/a><\/p><\/blockquote>\n<p><script async src=\"\/\/platform.twitter.com\/widgets.js\" charset=\"utf-8\"><\/script><\/p>\n<p>Incluso varias personas de las redes sociales lamentaron la forma en que trataron a Pe\u00f1a, pues polic\u00edas se tomaron fotos con el jugador antes de que declarara.<\/p>\n<p>https:\/\/twitter.com\/Presherbalif\/status\/819770315836297216<\/p>\n","protected":false},"excerpt":{"rendered":"<p>Gullit fue detenido por los polic\u00edas de tr\u00e1nsito de Le\u00f3n.<\/p>\n","protected":false},"author":20,"featured_media":397321,"comment_status":"closed","ping_status":"closed","sticky":false,"template":"","format":"standard","meta":[],"categories":[5,2198,3845],"tags":[1754,5965],"_links":{"self":[{"href":"http:\/\/desarrollo.grupomedios.com\/futbol\/wp-json\/wp\/v2\/posts\/453524"}],"collection":[{"href":"http:\/\/desarrollo.grupomedios.com\/futbol\/wp-json\/wp\/v2\/posts"}],"about":[{"href":"http:\/\/desarrollo.grupomedios.com\/futbol\/wp-json\/wp\/v2\/types\/post"}],"author":[{"embeddable":true,"href":"http:\/\/desarrollo.grupomedios.com\/futbol\/wp-json\/wp\/v2\/users\/20"}],"replies":[{"embeddable":true,"href":"http:\/\/desarrollo.grupomedios.com\/futbol\/wp-json\/wp\/v2\/comments?post=453524"}],"version-history":[{"count":0,"href":"http:\/\/desarrollo.grupomedios.com\/futbol\/wp-json\/wp\/v2\/posts\/453524\/revisions"}],"wp:featuredmedia":[{"embeddable":true,"href":"http:\/\/desarrollo.grupomedios.com\/futbol\/wp-json\/wp\/v2\/media\/397321"}],"wp:attachment":[{"href":"http:\/\/desarrollo.grupomedios.com\/futbol\/wp-json\/wp\/v2\/media?parent=453524"}],"wp:term":[{"taxonomy":"category","embeddable":true,"href":"http:\/\/desarrollo.grupomedios.com\/futbol\/wp-json\/wp\/v2\/categories?post=453524"},{"taxonomy":"post_tag","embeddable":true,"href":"http:\/\/desarrollo.grupomedios.com\/futbol\/wp-json\/wp\/v2\/tags?post=453524"}],"curies":[{"name":"wp","href":"https:\/\/api.w.org\/{rel}","templated":true}]}}