{"id":453528,"date":"2017-01-13T10:16:21","date_gmt":"2017-01-13T16:16:21","guid":{"rendered":"https:\/\/www.futboltotal.com.mx\/?p=453528"},"modified":"2017-01-13T10:16:21","modified_gmt":"2017-01-13T16:16:21","slug":"jurgen-klopp-se-compara-mourinho-en-lo-enojon","status":"publish","type":"post","link":"http:\/\/desarrollo.grupomedios.com\/futbol\/futbol-internacional\/jurgen-klopp-se-compara-mourinho-en-lo-enojon\/2017\/01","title":{"rendered":"Klopp se compara con Mourinho en lo enoj\u00f3n"},"content":{"rendered":"<p><strong>Jurgen Klopp<\/strong>, el t\u00e9cnico del Liverpool, asegur\u00f3 que el Manchester United es mejor equipo en comparaci\u00f3n al que enfrentaron en octubre de 2016, en la jornada 8 de la Premier League, con el que empataron sin goles. Tambi\u00e9n reconoci\u00f3 que Jos\u00e9 Mourinho, el estratega de los <em>Red Devils,<\/em> es de lo mejores del mundo y se compar\u00f3 con \u00e9l en el caracter.<\/p>\n<p>https:\/\/twitter.com\/LFCTV\/status\/819891751251038208<\/p>\n<p>&#8220;Eso no es algo que nos deba sorprender. Tenemos el mismo tipo de caracter enoj\u00f3n, pero los dos queremos disputar el partido y obtener un buen resultado el domingo&#8221;, asegur\u00f3 el estratega alem\u00e1n en conferencia de prensa previa al juego de este domingo, correspondiente a la fecha 21.<\/p>\n<p style=\"text-align: center;\"><a href=\"https:\/\/www.futboltotal.com.mx\/2017\/01\/jugadores-manchester-united-ibrahimovic-mkhitaryan-premio-del-mes-premier-league\/\"><span style=\"color: #3366ff;\">LEER M\u00c1S: Manchester United se lleva premio al gol y jugador del mes de la Premier<\/span><\/a><\/p>\n<p><strong>Klopp<\/strong> record\u00f3 la experiencia que le signific\u00f3 la primera vez que enfrent\u00f3 al Manchester United el pasado mes de octubre: &#8220;El partido se efectu\u00f3 en una atm\u00f3sfera muy intensa. Est\u00e1bamos listos para aquel juego y lo estamos otra vez para este domingo&#8221;.<\/p>\n<p style=\"text-align: center;\"><a href=\"https:\/\/www.futboltotal.com.mx\/2017\/01\/manchester-united-anuncia-alianza-uber\/\"><span style=\"color: #3366ff;\">LEER M\u00c1S: Manchester United anuncia alianza con Uber<\/span><\/a><\/p>\n<p>El t\u00e9cnico alem\u00e1n destac\u00f3 el buen momento por el que pasan ambos clubes y subray\u00f3 que &#8220;una buena actitud, valent\u00eda y motivaci\u00f3n&#8221; ser\u00e1n las claves para obtener la victoria. &#8220;No tendremos excusas para cometer errores. Los jugadores saben sus responsabilidades y deben jugar como siempre salen a hacerlo&#8221;, a\u00f1adi\u00f3.<\/p>\n<p><b>S\u00edguenos en <span id=\"m_-2415482759508325492goog_2054972132\"><\/span>Twitter <a href=\"https:\/\/twitter.com\/MXFutbolTotal\" target=\"_blank\" data-saferedirecturl=\"https:\/\/www.google.com\/url?hl=es&amp;q=https:\/\/twitter.com\/MXFutbolTotal&amp;source=gmail&amp;ust=1484407790065000&amp;usg=AFQjCNEcr6bC04EkibLDKNautj_QSN_K9Q\">@MXFutbolTotal<\/a><\/b><\/p>\n<p>&nbsp;<\/p>\n","protected":false},"excerpt":{"rendered":"<p>El alem\u00e1n asegura que ambos clubes est\u00e1n en un buen momento.<\/p>\n","protected":false},"author":20,"featured_media":429493,"comment_status":"closed","ping_status":"closed","sticky":false,"template":"","format":"standard","meta":[],"categories":[3839,3846,5951],"tags":[288,2863,5989,43],"_links":{"self":[{"href":"http:\/\/desarrollo.grupomedios.com\/futbol\/wp-json\/wp\/v2\/posts\/453528"}],"collection":[{"href":"http:\/\/desarrollo.grupomedios.com\/futbol\/wp-json\/wp\/v2\/posts"}],"about":[{"href":"http:\/\/desarrollo.grupomedios.com\/futbol\/wp-json\/wp\/v2\/types\/post"}],"author":[{"embeddable":true,"href":"http:\/\/desarrollo.grupomedios.com\/futbol\/wp-json\/wp\/v2\/users\/20"}],"replies":[{"embeddable":true,"href":"http:\/\/desarrollo.grupomedios.com\/futbol\/wp-json\/wp\/v2\/comments?post=453528"}],"version-history":[{"count":0,"href":"http:\/\/desarrollo.grupomedios.com\/futbol\/wp-json\/wp\/v2\/posts\/453528\/revisions"}],"wp:featuredmedia":[{"embeddable":true,"href":"http:\/\/desarrollo.grupomedios.com\/futbol\/wp-json\/wp\/v2\/media\/429493"}],"wp:attachment":[{"href":"http:\/\/desarrollo.grupomedios.com\/futbol\/wp-json\/wp\/v2\/media?parent=453528"}],"wp:term":[{"taxonomy":"category","embeddable":true,"href":"http:\/\/desarrollo.grupomedios.com\/futbol\/wp-json\/wp\/v2\/categories?post=453528"},{"taxonomy":"post_tag","embeddable":true,"href":"http:\/\/desarrollo.grupomedios.com\/futbol\/wp-json\/wp\/v2\/tags?post=453528"}],"curies":[{"name":"wp","href":"https:\/\/api.w.org\/{rel}","templated":true}]}}