{"id":453544,"date":"2017-01-13T16:30:44","date_gmt":"2017-01-13T22:30:44","guid":{"rendered":"https:\/\/www.futboltotal.com.mx\/?p=453544"},"modified":"2017-01-13T16:42:40","modified_gmt":"2017-01-13T22:42:40","slug":"america-finalmente-cierra-fichaje-cecilio-dominguez","status":"publish","type":"post","link":"http:\/\/desarrollo.grupomedios.com\/futbol\/destacado-home\/america-finalmente-cierra-fichaje-cecilio-dominguez\/2017\/01","title":{"rendered":"Am\u00e9rica finalmente cierra el fichaje de Cecilio Dom\u00ednguez"},"content":{"rendered":"<p>El fichaje que tanto ha estado buscando el <strong>Am\u00e9rica<\/strong> en las \u00faltimas semanas finalmente se ha concretado, tal y como lo se\u00f1alan los medios de comunicaci\u00f3n en Paraguay y en M\u00e9xico.<\/p>\n<p>El mediocampista guaran\u00ed <strong>Cecilio Dom\u00ednguez<\/strong>, hasta ahora futbolista que jugaba para el Cerro Porte\u00f1o y un porcentaje de su pase a\u00fan pertenec\u00eda al Sol de Am\u00e9rica, vestir\u00e1 la playera azulcrema despu\u00e9s de unas largas negociaciones en las que equipos de Brasil y la MLS se interpusieron, encareciendo el precio del jugador.<\/p>\n<p>&nbsp;<\/p>\n<blockquote class=\"twitter-tweet\" data-lang=\"es\">\n<p dir=\"ltr\" lang=\"es\">Carlos Giagni &#8220;M\u00e9xico, Brasil y Estados Unidos; en uno de esos pa\u00edses jugar\u00e1 Cecilio Dom\u00ednguez&#8221; <a href=\"https:\/\/twitter.com\/ABCCardinal\">@ABCCardinal<\/a><\/p>\n<p>\u2014 Wilson Gonz\u00e1lez (@Wilson11G) <a href=\"https:\/\/twitter.com\/Wilson11G\/status\/819942113500655616\">13 de enero de 2017<\/a><\/p><\/blockquote>\n<p><script async src=\"\/\/platform.twitter.com\/widgets.js\" charset=\"utf-8\"><\/script><\/p>\n<p><a href=\"https:\/\/www.futboltotal.com.mx\/2017\/01\/america-tendra-semana-clave-fichar-a-cecilio-dominguez\/\">LEER M\u00c1S: AM\u00c9RICA TENDR\u00c1 SEMANA CLAVE PARA FICHAR A\u00a0CECILIO DOM\u00cdNGUEZ<\/a><\/p>\n<p>Seg\u00fan informaci\u00f3n del programa Cardinal Deportivo en la estaci\u00f3n de radio ABC Cardinal en Paraguay, el volante ofensivo ha descartado la oferta de Brasil y eligi\u00f3 la opci\u00f3n de la Liga MX.<\/p>\n<p>&nbsp;<\/p>\n<blockquote class=\"twitter-tweet\" data-lang=\"es\">\n<p dir=\"ltr\" lang=\"pt\">Descartado Brasil&#8230; Cecilio Dom\u00ednguez va a AM\u00c9RICA del Norte &#x1f609;<a href=\"https:\/\/twitter.com\/ABCCardinal\">@ABCCardinal<\/a><\/p>\n<p>\u2014 Wilson Gonz\u00e1lez (@Wilson11G) <a href=\"https:\/\/twitter.com\/Wilson11G\/status\/819947037844275200\">13 de enero de 2017<\/a><\/p><\/blockquote>\n<p><script async src=\"\/\/platform.twitter.com\/widgets.js\" charset=\"utf-8\"><\/script><\/p>\n<p>Adem\u00e1s, Marca Claro tambi\u00e9n revel\u00f3 que la negociaci\u00f3n particularmente entre el Sol de Am\u00e9rica y las <em>\u00c1guilas<\/em> llegaron a un acuerdo definitivo para que Dom\u00ednguez juegue en\u00a0M\u00e9xico, traspaso que tentativamente se concretar\u00eda a cambio de 8 millones de d\u00f3lares.<\/p>\n<p>&nbsp;<\/p>\n<blockquote class=\"twitter-tweet\" data-lang=\"es\">\n<p dir=\"ltr\" lang=\"es\">&#8220;Gente del club nos dicen que lo de <a href=\"https:\/\/twitter.com\/11_dominguez94\">@11_dominguez94<\/a> para el <a href=\"https:\/\/twitter.com\/ClubAmerica\">@ClubAmerica<\/a> est\u00e1 cerrado&#8221; <a href=\"https:\/\/twitter.com\/ale_orvananos\">@ale_orvananos<\/a>, Periodista de <a href=\"https:\/\/twitter.com\/marca\">@marca<\/a>. <a href=\"https:\/\/twitter.com\/hashtag\/730AM?src=hash\">#730AM<\/a><\/p>\n<p>\u2014 ABC Cardinal 730 AM (@ABCCardinal) <a href=\"https:\/\/twitter.com\/ABCCardinal\/status\/819949423258177538\">13 de enero de 2017<\/a><\/p><\/blockquote>\n<p><script async src=\"\/\/platform.twitter.com\/widgets.js\" charset=\"utf-8\"><\/script><\/p>\n<p><a href=\"https:\/\/www.futboltotal.com.mx\/2017\/01\/sebastian-blanco-se-aleja-del-america\/\">LEER M\u00c1S: \u00bfSEBASTI\u00c1N BLANCO SE ALEJA DEL AM\u00c9RICA?<\/a><\/p>\n","protected":false},"excerpt":{"rendered":"<p>Luego de largas negociaciones, el volante del Sol de Am\u00e9rica jugar\u00e1 con las \u00c1guilas.<\/p>\n","protected":false},"author":20,"featured_media":450968,"comment_status":"closed","ping_status":"closed","sticky":false,"template":"","format":"standard","meta":[],"categories":[5,7740,2198,3845],"tags":[1585,5959,7881,7732,4847,64],"_links":{"self":[{"href":"http:\/\/desarrollo.grupomedios.com\/futbol\/wp-json\/wp\/v2\/posts\/453544"}],"collection":[{"href":"http:\/\/desarrollo.grupomedios.com\/futbol\/wp-json\/wp\/v2\/posts"}],"about":[{"href":"http:\/\/desarrollo.grupomedios.com\/futbol\/wp-json\/wp\/v2\/types\/post"}],"author":[{"embeddable":true,"href":"http:\/\/desarrollo.grupomedios.com\/futbol\/wp-json\/wp\/v2\/users\/20"}],"replies":[{"embeddable":true,"href":"http:\/\/desarrollo.grupomedios.com\/futbol\/wp-json\/wp\/v2\/comments?post=453544"}],"version-history":[{"count":0,"href":"http:\/\/desarrollo.grupomedios.com\/futbol\/wp-json\/wp\/v2\/posts\/453544\/revisions"}],"wp:featuredmedia":[{"embeddable":true,"href":"http:\/\/desarrollo.grupomedios.com\/futbol\/wp-json\/wp\/v2\/media\/450968"}],"wp:attachment":[{"href":"http:\/\/desarrollo.grupomedios.com\/futbol\/wp-json\/wp\/v2\/media?parent=453544"}],"wp:term":[{"taxonomy":"category","embeddable":true,"href":"http:\/\/desarrollo.grupomedios.com\/futbol\/wp-json\/wp\/v2\/categories?post=453544"},{"taxonomy":"post_tag","embeddable":true,"href":"http:\/\/desarrollo.grupomedios.com\/futbol\/wp-json\/wp\/v2\/tags?post=453544"}],"curies":[{"name":"wp","href":"https:\/\/api.w.org\/{rel}","templated":true}]}}