{"id":453558,"date":"2017-01-13T12:18:20","date_gmt":"2017-01-13T18:18:20","guid":{"rendered":"https:\/\/www.futboltotal.com.mx\/?p=453558"},"modified":"2017-01-13T12:18:20","modified_gmt":"2017-01-13T18:18:20","slug":"alejandro-gomez-usa-la-cinta-capitan-tierna-del-mundo","status":"publish","type":"post","link":"http:\/\/desarrollo.grupomedios.com\/futbol\/videos\/alejandro-gomez-usa-la-cinta-capitan-tierna-del-mundo\/2017\/01","title":{"rendered":"La cinta de capit\u00e1n m\u00e1s tierna del mundo"},"content":{"rendered":"<p><strong>Alejandro G\u00f3me<\/strong>z, capit\u00e1n del Atalanta, utiliz\u00f3 una curiosa cinta de capit\u00e1n con las im\u00e1genes de los personajes de <em>Frozen<\/em> y de su hija, durante el juego ante el Chievo Verona del pasado domingo.<\/p>\n<p style=\"text-align: center;\"><a href=\"https:\/\/www.futboltotal.com.mx\/2017\/01\/jose-mourinho-responde-celular-reportero-la-conferencia\/\"><span style=\"color: #3366ff;\">LEER M\u00c1S: Mourinho responde el celular de un periodista durante la conferencia<\/span><\/a><\/p>\n<p>El <em>Papu<\/em> lo hizo para festejar los dos a\u00f1os de su hija, pero el homenaje a su peque\u00f1a fue m\u00e1s all\u00e1: tambi\u00e9n le dedic\u00f3 el par de goles que hizo en el trinfo de su equipo por 4-1, con el que sum\u00f3 35 puntos, uno menos que el Mil\u00e1n, en la disputa por meterse en puestos que dan pase a torneos europeos.<\/p>\n<p>Esta no es la primera vez que <strong>Alejandro G\u00f3mez<\/strong> porta un gafete peculiar: en noviembre llev\u00f3 un gafete dedicado a Play Station y en diciembre port\u00f3 uno con un dise\u00f1o de los Supercampeones.<\/p>\n<p>[video_player]https:\/\/player.vimeo.com\/external\/199349428.hd.mp4?s=0dd500b5228d639177c65d633db228db1dba052d&amp;profile_id=119|wide [\/video_player]<\/p>\n<p><a href=\"https:\/\/copa90.com\/\">Video cortes\u00eda de Copa 90<\/a> | <a href=\"https:\/\/twitter.com\/Copa90\">Twitter de Copa 90<\/a> | <a href=\"https:\/\/www.facebook.com\/copa90\/\">Facebook de Copa 90<\/a><\/p>\n<p><b>S\u00edguenos en <span id=\"m_-2415482759508325492goog_2054972132\"><\/span>Twitter <a href=\"https:\/\/twitter.com\/MXFutbolTotal\" target=\"_blank\" data-saferedirecturl=\"https:\/\/www.google.com\/url?hl=es&amp;q=https:\/\/twitter.com\/MXFutbolTotal&amp;source=gmail&amp;ust=1484407790065000&amp;usg=AFQjCNEcr6bC04EkibLDKNautj_QSN_K9Q\">@MXFutbolTotal<\/a><\/b><\/p>\n","protected":false},"excerpt":{"rendered":"<p>El Papu porto la cinta para festejar el cumplea\u00f1os de su hija. <\/p>\n","protected":false},"author":20,"featured_media":453565,"comment_status":"closed","ping_status":"closed","sticky":false,"template":"","format":"standard","meta":[],"categories":[3839,3848,4],"tags":[8007,3546,3409,5958],"_links":{"self":[{"href":"http:\/\/desarrollo.grupomedios.com\/futbol\/wp-json\/wp\/v2\/posts\/453558"}],"collection":[{"href":"http:\/\/desarrollo.grupomedios.com\/futbol\/wp-json\/wp\/v2\/posts"}],"about":[{"href":"http:\/\/desarrollo.grupomedios.com\/futbol\/wp-json\/wp\/v2\/types\/post"}],"author":[{"embeddable":true,"href":"http:\/\/desarrollo.grupomedios.com\/futbol\/wp-json\/wp\/v2\/users\/20"}],"replies":[{"embeddable":true,"href":"http:\/\/desarrollo.grupomedios.com\/futbol\/wp-json\/wp\/v2\/comments?post=453558"}],"version-history":[{"count":0,"href":"http:\/\/desarrollo.grupomedios.com\/futbol\/wp-json\/wp\/v2\/posts\/453558\/revisions"}],"wp:featuredmedia":[{"embeddable":true,"href":"http:\/\/desarrollo.grupomedios.com\/futbol\/wp-json\/wp\/v2\/media\/453565"}],"wp:attachment":[{"href":"http:\/\/desarrollo.grupomedios.com\/futbol\/wp-json\/wp\/v2\/media?parent=453558"}],"wp:term":[{"taxonomy":"category","embeddable":true,"href":"http:\/\/desarrollo.grupomedios.com\/futbol\/wp-json\/wp\/v2\/categories?post=453558"},{"taxonomy":"post_tag","embeddable":true,"href":"http:\/\/desarrollo.grupomedios.com\/futbol\/wp-json\/wp\/v2\/tags?post=453558"}],"curies":[{"name":"wp","href":"https:\/\/api.w.org\/{rel}","templated":true}]}}