{"id":453577,"date":"2017-01-13T16:32:01","date_gmt":"2017-01-13T22:32:01","guid":{"rendered":"https:\/\/www.futboltotal.com.mx\/?p=453577"},"modified":"2017-01-13T16:42:37","modified_gmt":"2017-01-13T22:42:37","slug":"nuevo-fichaje-del-america-orden-captura-en-paraguay","status":"publish","type":"post","link":"http:\/\/desarrollo.grupomedios.com\/futbol\/destacado-home\/nuevo-fichaje-del-america-orden-captura-en-paraguay\/2017\/01","title":{"rendered":"El nuevo fichaje del Am\u00e9rica tiene orden de captura en Paraguay"},"content":{"rendered":"<p>Cuando el tema de los \u00faltimos refuerzos de cara al torneo <strong>Clausura 2017<\/strong> parec\u00eda tomar forma para el <strong>Am\u00e9rica<\/strong>, una mala noticia llega desde Paraguay, donde el enganche <a href=\"https:\/\/www.futboltotal.com.mx\/2017\/01\/america-finalmente-cierra-fichaje-cecilio-dominguez\/\">Cecilio Dom\u00ednguez, nuevo refuerzo de las <em>\u00c1guilas<\/em><\/a> a falta de la confirmaci\u00f3n oficial, cuenta con una orden de captura por violencia dom\u00e9stica.<\/p>\n<p>Seg\u00fan reportaron medios paraguayos como ABC, la jueza\u00a0de la Ni\u00f1ez, Carmen Rom\u00e1n, ha declarado\u00a0en rebeld\u00eda a Dom\u00ednguez luego de que justo el d\u00eda de hoy, viernes 13 de enero, no se presentara a una audiencia de imposici\u00f3n de medidas debido a estar procesado por violencia familiar.<\/p>\n<p>La raz\u00f3n por la que el futbolista, que hasta el \u00faltimo torneo paraguayo jug\u00f3 con el Cerro Porte\u00f1o,\u00a0fue imputado el 20 de octubre de 2016 es por haber golpeado a su entonces pareja, quien en marzo de 2016 le habr\u00eda reclamado por haberla abandonado a ella y al hijo de ambos, por lo que recibi\u00f3 tres patadas de parte de Cecilio.<\/p>\n<p>&nbsp;<\/p>\n<blockquote class=\"twitter-tweet\" data-lang=\"es\">\n<p dir=\"ltr\" lang=\"es\">Ordenan captura de Cecilio Dom\u00ednguez debido a que no se present\u00f3 a audiencia de imposici\u00f3n. <a href=\"https:\/\/t.co\/iW67xq5sOz\">https:\/\/t.co\/iW67xq5sOz<\/a> <a href=\"https:\/\/t.co\/2HYn1uXGh9\">pic.twitter.com\/2HYn1uXGh9<\/a><\/p>\n<p>\u2014 ABC Digital (@ABCDigital) <a href=\"https:\/\/twitter.com\/ABCDigital\/status\/819969824482885633\">13 de enero de 2017<\/a><\/p><\/blockquote>\n<p><script async src=\"\/\/platform.twitter.com\/widgets.js\" charset=\"utf-8\"><\/script><\/p>\n<p>Este viernes Dom\u00ednguez estaba citado para presentarse ante la jueza por el proceso que enfrenta, pero al no acudir fue declarado en rebeld\u00eda.Seg\u00fan el medio, d\u00edas antes la defensa del futbolista intent\u00f3 suspender la audiencia planteando un incidente, pero la jueza no cedi\u00f3.<\/p>\n<p>Incluso, el jugador se salv\u00f3 de ser remitido a\u00a0prisi\u00f3n luego de que la parte acusadora plante\u00f3 una recusaci\u00f3n argumentando que &#8220;debe ser remitido a prisi\u00f3n porque el hecho punible de violencia dom\u00e9stica es considerado un crimen, y tiene un expectativa de pena que sobrepasa los 5 a\u00f1os, por lo que no se admiten las medidas alternativas&#8221;.<\/p>\n<p>Sin embargo, la C\u00e1mara de Acusaciones rechaz\u00f3 dicha recusaci\u00f3n, al igual que la solicitud de la defensa de Dom\u00ednguez para que el acta de imputaci\u00f3n se declarara nula.<\/p>\n<p><a href=\"https:\/\/www.futboltotal.com.mx\/2017\/01\/en-america-extranan-a-los-se-fueron\/\">LEER M\u00c1S: EN AM\u00c9RICA NO EXTRA\u00d1AN A LOS QUE SE FUERON<\/a><\/p>\n","protected":false},"excerpt":{"rendered":"<p>El guaran\u00ed Cecilio Dom\u00ednguez es acusado por violencia dom\u00e9stica.<\/p>\n","protected":false},"author":20,"featured_media":451952,"comment_status":"closed","ping_status":"closed","sticky":false,"template":"","format":"standard","meta":[],"categories":[5,7740,2198,3845],"tags":[1585,5959,8010,7881,4847,64,8012,8011],"_links":{"self":[{"href":"http:\/\/desarrollo.grupomedios.com\/futbol\/wp-json\/wp\/v2\/posts\/453577"}],"collection":[{"href":"http:\/\/desarrollo.grupomedios.com\/futbol\/wp-json\/wp\/v2\/posts"}],"about":[{"href":"http:\/\/desarrollo.grupomedios.com\/futbol\/wp-json\/wp\/v2\/types\/post"}],"author":[{"embeddable":true,"href":"http:\/\/desarrollo.grupomedios.com\/futbol\/wp-json\/wp\/v2\/users\/20"}],"replies":[{"embeddable":true,"href":"http:\/\/desarrollo.grupomedios.com\/futbol\/wp-json\/wp\/v2\/comments?post=453577"}],"version-history":[{"count":0,"href":"http:\/\/desarrollo.grupomedios.com\/futbol\/wp-json\/wp\/v2\/posts\/453577\/revisions"}],"wp:featuredmedia":[{"embeddable":true,"href":"http:\/\/desarrollo.grupomedios.com\/futbol\/wp-json\/wp\/v2\/media\/451952"}],"wp:attachment":[{"href":"http:\/\/desarrollo.grupomedios.com\/futbol\/wp-json\/wp\/v2\/media?parent=453577"}],"wp:term":[{"taxonomy":"category","embeddable":true,"href":"http:\/\/desarrollo.grupomedios.com\/futbol\/wp-json\/wp\/v2\/categories?post=453577"},{"taxonomy":"post_tag","embeddable":true,"href":"http:\/\/desarrollo.grupomedios.com\/futbol\/wp-json\/wp\/v2\/tags?post=453577"}],"curies":[{"name":"wp","href":"https:\/\/api.w.org\/{rel}","templated":true}]}}