{"id":453582,"date":"2017-01-13T14:26:00","date_gmt":"2017-01-13T20:26:00","guid":{"rendered":"https:\/\/www.futboltotal.com.mx\/?p=453582"},"modified":"2017-01-13T14:28:08","modified_gmt":"2017-01-13T20:28:08","slug":"diego-costa-quedaria-fuera-del-chelsea-por-pleito-con-conte","status":"publish","type":"post","link":"http:\/\/desarrollo.grupomedios.com\/futbol\/futbol-internacional\/diego-costa-quedaria-fuera-del-chelsea-por-pleito-con-conte\/2017\/01","title":{"rendered":"Diego Costa quedar\u00eda fuera del Chelsea por pleito con Conte"},"content":{"rendered":"<p><strong>Diego Costa<\/strong>, m\u00e1ximo goleador de la <em>Premier League<\/em> en lo que va de la temporada con 14 tantos, qued\u00f3 fuera de la convocatoria de Antonio Conte para el partido que el Chelsea sostendr\u00e1 ante el Leicester City, despu\u00e9s de una fuerte discusi\u00f3n con el entrenador italiano y con uno de los fisioterapeutas del equipo.<\/p>\n<p style=\"text-align: center;\"><a href=\"https:\/\/www.futboltotal.com.mx\/2017\/01\/one-club-men-un-solo-club-un-solo-amor\/\"><span style=\"color: #3366ff;\">LEER M\u00c1S: Un solo club, un solo amor<\/span><\/a><\/p>\n<p>El internacional espa\u00f1ol, de 28 a\u00f1os, no viaj\u00f3 con el resto del club a Leicester para el partido correspondiente a la jornada 21 de liga, en el <em>King Power Stadium<\/em>.<\/p>\n<p>El m\u00e1ximo artillero de la <em>Premier<\/em>, que tambi\u00e9n ha puesto cinco asistencias, no ha entrenado en los \u00faltimos tres d\u00edas, seg\u00fan informa el <em>Daily Mail<\/em>, y ya se especula sobre su salida del club, despu\u00e9s de haber recibido una generosa oferta del futbol chino.<\/p>\n<p>El Tianjin Quanjian, que recientemente se hizo con los servicios del internacional belga Axel Witsel, est\u00e1 interesado en <strong>Diego<\/strong> <strong>Costa<\/strong>, al que ofrecer\u00eda un salario de 34.3 millones de euros.<\/p>\n<p style=\"text-align: center;\"><a href=\"https:\/\/www.futboltotal.com.mx\/2017\/01\/la-premier-league-insiste-en-fichaje-raul-jimenez\/\"><span style=\"color: #3366ff;\">LEER M\u00c1S: La Premier League insiste en el fichaje de Ra\u00fal Jim\u00e9nez<\/span><\/a><\/p>\n<p><strong>Costa<\/strong>, que lleg\u00f3 al conjunto del suroeste de la capital brit\u00e1nica en 2014, procedente del Atl\u00e9tico de Madrid dijo recientemente que estaba &#8220;muy contento&#8221; en el Chelsea, aunque el pasado estuvo &#8220;muy cerca de volver al Atl\u00e9tico&#8221;.<\/p>\n<p><b>S\u00edguenos en <span id=\"m_-2415482759508325492goog_2054972132\"><\/span>Twitter <a href=\"https:\/\/twitter.com\/MXFutbolTotal\" target=\"_blank\" data-saferedirecturl=\"https:\/\/www.google.com\/url?hl=es&amp;q=https:\/\/twitter.com\/MXFutbolTotal&amp;source=gmail&amp;ust=1484407790065000&amp;usg=AFQjCNEcr6bC04EkibLDKNautj_QSN_K9Q\">@MXFutbolTotal<\/a><\/b><\/p>\n","protected":false},"excerpt":{"rendered":"<p>Se especula que se ir\u00e1 al Tianjin Quanjian del futbol chino.<\/p>\n","protected":false},"author":144,"featured_media":453589,"comment_status":"closed","ping_status":"closed","sticky":false,"template":"","format":"standard","meta":[],"categories":[3839,3846,5951],"tags":[2354,5981,3205,775],"_links":{"self":[{"href":"http:\/\/desarrollo.grupomedios.com\/futbol\/wp-json\/wp\/v2\/posts\/453582"}],"collection":[{"href":"http:\/\/desarrollo.grupomedios.com\/futbol\/wp-json\/wp\/v2\/posts"}],"about":[{"href":"http:\/\/desarrollo.grupomedios.com\/futbol\/wp-json\/wp\/v2\/types\/post"}],"author":[{"embeddable":true,"href":"http:\/\/desarrollo.grupomedios.com\/futbol\/wp-json\/wp\/v2\/users\/144"}],"replies":[{"embeddable":true,"href":"http:\/\/desarrollo.grupomedios.com\/futbol\/wp-json\/wp\/v2\/comments?post=453582"}],"version-history":[{"count":0,"href":"http:\/\/desarrollo.grupomedios.com\/futbol\/wp-json\/wp\/v2\/posts\/453582\/revisions"}],"wp:featuredmedia":[{"embeddable":true,"href":"http:\/\/desarrollo.grupomedios.com\/futbol\/wp-json\/wp\/v2\/media\/453589"}],"wp:attachment":[{"href":"http:\/\/desarrollo.grupomedios.com\/futbol\/wp-json\/wp\/v2\/media?parent=453582"}],"wp:term":[{"taxonomy":"category","embeddable":true,"href":"http:\/\/desarrollo.grupomedios.com\/futbol\/wp-json\/wp\/v2\/categories?post=453582"},{"taxonomy":"post_tag","embeddable":true,"href":"http:\/\/desarrollo.grupomedios.com\/futbol\/wp-json\/wp\/v2\/tags?post=453582"}],"curies":[{"name":"wp","href":"https:\/\/api.w.org\/{rel}","templated":true}]}}