{"id":453725,"date":"2017-01-14T14:31:14","date_gmt":"2017-01-14T20:31:14","guid":{"rendered":"https:\/\/www.futboltotal.com.mx\/?p=453725"},"modified":"2017-01-14T14:31:14","modified_gmt":"2017-01-14T20:31:14","slug":"orlando-city-homenajea-a-victimas-atentando-en-bar-gay","status":"publish","type":"post","link":"http:\/\/desarrollo.grupomedios.com\/futbol\/videos\/orlando-city-homenajea-a-victimas-atentando-en-bar-gay\/2017\/01","title":{"rendered":"Orlando City homenajea a v\u00edctimas de atentando en bar gay"},"content":{"rendered":"<p>El Orlando City tendr\u00e1 49 asientos con los colores del arcoiris que ser\u00e1n parte de \u00a0un homenaje permanente a las v\u00edctimas en el tiroteo en el bar Pulse en junio de 2016.<\/p>\n<p>El estadio ser\u00e1 inaugurado en marzo cuando reciban al New York City, y los asientos representan a las 49 v\u00edctimas que perdieron la vida en la tragedia y los colores, que son parte de la bandera del orgullo gay.<\/p>\n<p style=\"text-align: center;\"><span style=\"color: #3366ff;\"><a style=\"color: #3366ff;\" href=\"https:\/\/www.futboltotal.com.mx\/2017\/01\/darwin-quintero-ya-tendria-equipo-en-la-mls\/\">LEER M\u00c1S: Darwin Quintero ya tendr\u00eda equipo en la MLS<\/a><\/span><\/p>\n<p>[video_player]https:\/\/player.vimeo.com\/external\/199387433.hd.mp4?s=4f91d74b52cd5b0d311ecf8dcb3874bafb4e1091&amp;profile_id=174|wide [\/video_player]<\/p>\n<p style=\"text-align: center;\"><a href=\"http:\/\/www.kicktv.com\/\" target=\"_blank\">Video cortes\u00eda de KickT<\/a>v | <a href=\"https:\/\/twitter.com\/KICK\" target=\"_blank\">Twitter de Kick<\/a> | <a href=\"https:\/\/www.facebook.com\/kick\/\" target=\"_blank\">Facebook Kick<\/a><\/p>\n<p><strong>S\u00edguenos en Twitter:<\/strong> <a href=\"https:\/\/twitter.com\/MXFutbolTotal\" target=\"_blank\">@MXFutbolTotal<\/a><\/p>\n","protected":false},"excerpt":{"rendered":"<p>El Orlando City revel\u00f3 49 asientos con los colores del arcoiris como un homenaje<\/p>\n","protected":false},"author":20,"featured_media":453726,"comment_status":"closed","ping_status":"closed","sticky":false,"template":"","format":"standard","meta":[],"categories":[3839,4],"tags":[6214,5766],"_links":{"self":[{"href":"http:\/\/desarrollo.grupomedios.com\/futbol\/wp-json\/wp\/v2\/posts\/453725"}],"collection":[{"href":"http:\/\/desarrollo.grupomedios.com\/futbol\/wp-json\/wp\/v2\/posts"}],"about":[{"href":"http:\/\/desarrollo.grupomedios.com\/futbol\/wp-json\/wp\/v2\/types\/post"}],"author":[{"embeddable":true,"href":"http:\/\/desarrollo.grupomedios.com\/futbol\/wp-json\/wp\/v2\/users\/20"}],"replies":[{"embeddable":true,"href":"http:\/\/desarrollo.grupomedios.com\/futbol\/wp-json\/wp\/v2\/comments?post=453725"}],"version-history":[{"count":0,"href":"http:\/\/desarrollo.grupomedios.com\/futbol\/wp-json\/wp\/v2\/posts\/453725\/revisions"}],"wp:featuredmedia":[{"embeddable":true,"href":"http:\/\/desarrollo.grupomedios.com\/futbol\/wp-json\/wp\/v2\/media\/453726"}],"wp:attachment":[{"href":"http:\/\/desarrollo.grupomedios.com\/futbol\/wp-json\/wp\/v2\/media?parent=453725"}],"wp:term":[{"taxonomy":"category","embeddable":true,"href":"http:\/\/desarrollo.grupomedios.com\/futbol\/wp-json\/wp\/v2\/categories?post=453725"},{"taxonomy":"post_tag","embeddable":true,"href":"http:\/\/desarrollo.grupomedios.com\/futbol\/wp-json\/wp\/v2\/tags?post=453725"}],"curies":[{"name":"wp","href":"https:\/\/api.w.org\/{rel}","templated":true}]}}