{"id":454033,"date":"2017-01-15T14:16:42","date_gmt":"2017-01-15T20:16:42","guid":{"rendered":"https:\/\/www.futboltotal.com.mx\/?p=454033"},"modified":"2017-01-15T14:17:54","modified_gmt":"2017-01-15T20:17:54","slug":"jose-ramon-fernandez-manda-recadito-a-jemez","status":"publish","type":"post","link":"http:\/\/desarrollo.grupomedios.com\/futbol\/futbol-mexicano\/jose-ramon-fernandez-manda-recadito-a-jemez\/2017\/01","title":{"rendered":"Jos\u00e9 Ram\u00f3n Fern\u00e1ndez manda recadito a J\u00e9mez"},"content":{"rendered":"<p>El comentarista deportivo de ESPN, sac\u00f3 su lado universitario al mandarle un mensaje al entrenador de Cruz Azul luego del gol de Nicol\u00e1s Castillo con el que se estren\u00f3 como goleador con Pumas.<\/p>\n<p>Cruz Azul se par\u00f3 en CU como favorito gracias a los \u00faltimos resultados obtenidos en el Ol\u00edmpico, sin embargo el delantero chileno realiz\u00f3 un golazo con el que los Felinos se llevaron el triunfo.<\/p>\n<p style=\"text-align: center;\"><span style=\"color: #3366ff;\"><a style=\"color: #3366ff;\" href=\"https:\/\/www.futboltotal.com.mx\/2017\/01\/zlatan-salva-al-manchester-united-en-clasico\/\" target=\"_blank\">LEER M\u00c1S: Zlatan salva al Manchester United en el Cl\u00e1sico<\/a><\/span><\/p>\n<p>El tanto de Castillo provoc\u00f3 que Jos\u00e9 Ram\u00f3n le diera la &#8220;bienvenida&#8221; a Paco J\u00e9mez a CU.<\/p>\n<blockquote class=\"twitter-tweet\" data-width=\"500\">\n<p lang=\"es\" dir=\"ltr\">Bienvenido a CU se\u00f1or J\u00e9mez. Es usted un gran entrenador pero esto es CU.<\/p>\n<p>&mdash; Jos\u00e9 Ram\u00f3n Fern\u00e1ndez (@joserra_espn) <a href=\"https:\/\/twitter.com\/joserra_espn\/status\/820712943981658122\">January 15, 2017<\/a><\/p><\/blockquote>\n<p><script async src=\"\/\/platform.twitter.com\/widgets.js\" charset=\"utf-8\"><\/script><\/p>\n<p>El periodista concluy\u00f3 con un &#8220;grito&#8221; de Goya en su cuenta de Twitter.<\/p>\n<blockquote class=\"twitter-tweet\" data-width=\"500\">\n<p lang=\"es\" dir=\"ltr\">Goya Universidad.<\/p>\n<p>&mdash; Jos\u00e9 Ram\u00f3n Fern\u00e1ndez (@joserra_espn) <a href=\"https:\/\/twitter.com\/joserra_espn\/status\/820720323205025793\">January 15, 2017<\/a><\/p><\/blockquote>\n<p><script async src=\"\/\/platform.twitter.com\/widgets.js\" charset=\"utf-8\"><\/script><\/p>\n","protected":false},"excerpt":{"rendered":"<p>El periodista sac\u00f3 su lado universitario en la victoria de Pumas sobre Cruz Azul.<\/p>\n","protected":false},"author":20,"featured_media":454034,"comment_status":"closed","ping_status":"closed","sticky":false,"template":"","format":"standard","meta":[],"categories":[2198,3845],"tags":[5962,6974,7053,74],"_links":{"self":[{"href":"http:\/\/desarrollo.grupomedios.com\/futbol\/wp-json\/wp\/v2\/posts\/454033"}],"collection":[{"href":"http:\/\/desarrollo.grupomedios.com\/futbol\/wp-json\/wp\/v2\/posts"}],"about":[{"href":"http:\/\/desarrollo.grupomedios.com\/futbol\/wp-json\/wp\/v2\/types\/post"}],"author":[{"embeddable":true,"href":"http:\/\/desarrollo.grupomedios.com\/futbol\/wp-json\/wp\/v2\/users\/20"}],"replies":[{"embeddable":true,"href":"http:\/\/desarrollo.grupomedios.com\/futbol\/wp-json\/wp\/v2\/comments?post=454033"}],"version-history":[{"count":0,"href":"http:\/\/desarrollo.grupomedios.com\/futbol\/wp-json\/wp\/v2\/posts\/454033\/revisions"}],"wp:featuredmedia":[{"embeddable":true,"href":"http:\/\/desarrollo.grupomedios.com\/futbol\/wp-json\/wp\/v2\/media\/454034"}],"wp:attachment":[{"href":"http:\/\/desarrollo.grupomedios.com\/futbol\/wp-json\/wp\/v2\/media?parent=454033"}],"wp:term":[{"taxonomy":"category","embeddable":true,"href":"http:\/\/desarrollo.grupomedios.com\/futbol\/wp-json\/wp\/v2\/categories?post=454033"},{"taxonomy":"post_tag","embeddable":true,"href":"http:\/\/desarrollo.grupomedios.com\/futbol\/wp-json\/wp\/v2\/tags?post=454033"}],"curies":[{"name":"wp","href":"https:\/\/api.w.org\/{rel}","templated":true}]}}