{"id":454059,"date":"2017-01-15T15:48:57","date_gmt":"2017-01-15T21:48:57","guid":{"rendered":"https:\/\/www.futboltotal.com.mx\/?p=454059"},"modified":"2017-01-15T15:48:57","modified_gmt":"2017-01-15T21:48:57","slug":"pumas-pedira-investigar-escupitajo-penalba-a-castillo","status":"publish","type":"post","link":"http:\/\/desarrollo.grupomedios.com\/futbol\/futbol-mexicano\/pumas-pedira-investigar-escupitajo-penalba-a-castillo\/2017\/01","title":{"rendered":"Pumas pedir\u00e1 investigar escupitajo de Pe\u00f1alba a Castillo"},"content":{"rendered":"<p>El duelo entre <strong>Pumas<\/strong> y <strong>Cruz Azul<\/strong> de la jornada 2 del Clausura 2017\u00a0sac\u00f3 chispas en Ciudad Universitaria y no estuvo exento de pol\u00e9micas arbitrales, entre ellas un escupitajo que propin\u00f3 el mediocampista de Cruz Azul, Gabriel Pe\u00f1alba, a Nicol\u00e1s Castillo, delantero de Pumas, quien se estren\u00f3 y firm\u00f3 el tanto de la victoria 1-0.<\/p>\n<blockquote><p>&#8220;Le reclam\u00f3 en su momento nuestra banca al cuarto \u00e1rbitro, pero aparentemente no lo vio, entonces queremos documentarlo para que de ser as\u00ed pues se cumpla con el reglamento&#8221;, dijo el vicepresidente de Pumas, Jos\u00e9 Luis Arce, en la rueda de prensa post-partido.<\/p><\/blockquote>\n<p style=\"text-align: center;\"><span style=\"color: #3366ff;\">LEER M\u00c1S: Todas las noticias de futbol mexicano<\/span><\/p>\n<blockquote>\n<p style=\"text-align: left;\">&#8220;Vamos a hacer lo posible para conseguir las im\u00e1genes y mostrarlas a la Comisi\u00f3n Disciplinar\u00eda. Ojal\u00e1 se termine con esta situaci\u00f3n dentro de las canchas&#8221;, agreg\u00f3 el dirigente.<\/p>\n<\/blockquote>\n<p style=\"text-align: left;\">De este hecho tampoco se percat\u00f3 el \u00e1rbitro central del partido \u00d3scar Mac\u00edas Romo, quien tuvo una cuestionada actuaci\u00f3n por haber expulsado a Gabriel Pe\u00f1alba al minuto 37, luego de que este robara un bal\u00f3n limpiamente y despu\u00e9s, por inercia, dejara los tachones sobre la pierna de un rival.<\/p>\n<p style=\"text-align: left;\">Por su parte, el entrenador de Pumas, Juan Francisco Palencia, dijo: \u00a0&#8220;Yo vi el gesto y lo\u00a0coment\u00e9 al juez de l\u00ednea, pero no hizo caso&#8221;.<\/p>\n<p style=\"text-align: left;\">Si Pumas presenta pruebas fehacientes, la Comisi\u00f3n Disciplinaria deber\u00e1 evaluar una dura sanci\u00f3n a Pe\u00f1alba, quien en primera instancia no estar\u00e1 disponible para el duelo de la jornada tres ante Monterrey.<\/p>\n<p style=\"text-align: left;\">Cabe recordar que en la jornada anterior, el defensa central argentino Diego Novaretti fue sancionado con seis partidos por haber escupido al delantero del Pachuca, Hirving Lozano, a pesar de que Pachuca apel\u00f3 y el zaguero argument\u00f3: &#8220;no lo escup\u00ed; le sople la nuca&#8221;<\/p>\n<p style=\"text-align: left;\">\n","protected":false},"excerpt":{"rendered":"<p>Los Felinos presentar\u00e1n pruebas ante la Comisi\u00f3n Disciplinaria para que se castigue el gesto antideportivo. <\/p>\n","protected":false},"author":20,"featured_media":454070,"comment_status":"closed","ping_status":"closed","sticky":false,"template":"","format":"standard","meta":[],"categories":[2198,3845,5950],"tags":[5962,7809,74],"_links":{"self":[{"href":"http:\/\/desarrollo.grupomedios.com\/futbol\/wp-json\/wp\/v2\/posts\/454059"}],"collection":[{"href":"http:\/\/desarrollo.grupomedios.com\/futbol\/wp-json\/wp\/v2\/posts"}],"about":[{"href":"http:\/\/desarrollo.grupomedios.com\/futbol\/wp-json\/wp\/v2\/types\/post"}],"author":[{"embeddable":true,"href":"http:\/\/desarrollo.grupomedios.com\/futbol\/wp-json\/wp\/v2\/users\/20"}],"replies":[{"embeddable":true,"href":"http:\/\/desarrollo.grupomedios.com\/futbol\/wp-json\/wp\/v2\/comments?post=454059"}],"version-history":[{"count":0,"href":"http:\/\/desarrollo.grupomedios.com\/futbol\/wp-json\/wp\/v2\/posts\/454059\/revisions"}],"wp:featuredmedia":[{"embeddable":true,"href":"http:\/\/desarrollo.grupomedios.com\/futbol\/wp-json\/wp\/v2\/media\/454070"}],"wp:attachment":[{"href":"http:\/\/desarrollo.grupomedios.com\/futbol\/wp-json\/wp\/v2\/media?parent=454059"}],"wp:term":[{"taxonomy":"category","embeddable":true,"href":"http:\/\/desarrollo.grupomedios.com\/futbol\/wp-json\/wp\/v2\/categories?post=454059"},{"taxonomy":"post_tag","embeddable":true,"href":"http:\/\/desarrollo.grupomedios.com\/futbol\/wp-json\/wp\/v2\/tags?post=454059"}],"curies":[{"name":"wp","href":"https:\/\/api.w.org\/{rel}","templated":true}]}}