{"id":454237,"date":"2017-01-16T07:00:18","date_gmt":"2017-01-16T13:00:18","guid":{"rendered":"https:\/\/www.futboltotal.com.mx\/?p=454237"},"modified":"2017-01-16T10:00:54","modified_gmt":"2017-01-16T16:00:54","slug":"cruz-azul-apelara-la-expulsion-penalba","status":"publish","type":"post","link":"http:\/\/desarrollo.grupomedios.com\/futbol\/destacado-home\/cruz-azul-apelara-la-expulsion-penalba\/2017\/01","title":{"rendered":"Cruz Azul apelar\u00e1 la expulsi\u00f3n de Pe\u00f1alba"},"content":{"rendered":"<p>Sin cuestionar ni criticar la actuaci\u00f3n del \u00e1rbitro central \u00d3scar Mac\u00edas, el presidente de <strong>Cruz Azul<\/strong>, Guillermo \u00c1lvarez Cuevas, declar\u00f3 que la<em> M\u00e1quina\u00a0<\/em>presentar\u00e1 un recurso para apelar la expulsi\u00f3n que sufri\u00f3 el mediocampista <strong>Gabriel Pe\u00f1alba <\/strong>por una aparatosa entrada sobre Bryan Rabello.<\/p>\n<p>&#8220;Tenemos que apelar, desde lo tiene que platicar nuestro director deportivo con el se\u00f1or Eugenio Rivas. Se busca que se unifique el criterio de marcaci\u00f3n y lo cierto es que queda mucho al criterio arbitral; quienes tienen que decidir son lo dirigentes de la Comisi\u00f3n Disciplinaria&#8221;, dijo tras la derrota de Cruz Azul 1-0 ante Pumas en Ciudad Universitaria.<\/p>\n<p style=\"text-align: center;\"><a href=\"https:\/\/www.futboltotal.com.mx\/futbol-mexicano\/\"><span style=\"color: #3366ff;\">LEER M\u00c1S: Todas las noticias de futbol mexicano<\/span><\/a><\/p>\n<p style=\"text-align: left;\">Pe\u00f1alba se fue a las regaderas despu\u00e9s de una pol\u00e9mica jugada en la que intent\u00f3 recuperar un bal\u00f3n en el mediocampo y, despu\u00e9s de robar el esf\u00e9rico limpiamente, no alcanz\u00f3 a quitar la pierna y le clav\u00f3 los tachones a Rabello. A unos metros estaba se encontraba el central Mac\u00edas y no dud\u00f3 en mostrar el cart\u00f3n rojo, que debi\u00f3 ser, en el peor de los casos, una amonestaci\u00f3n.<\/p>\n<p style=\"text-align: left;\">Este lunes la Comisi\u00f3n Disciplinaria emitir\u00e1 el reporte y se sabr\u00e1 si le condonan la expulsi\u00f3n de Pe\u00f1alba, en caso de no hacerlo el refuerzo <em>celeste\u00a0<\/em>no estar\u00e1 disponible para el partido del pr\u00f3ximo s\u00e1bado ante Monterrey, que se jugar\u00e1 en el estadio Azul en la jornada 3 del Clausura 2017.<\/p>\n","protected":false},"excerpt":{"rendered":"<p>El mediocampista se fue a las regaderas al minuto 37&#8242; por una falta sobre Bryan Rabello.<\/p>\n","protected":false},"author":20,"featured_media":454242,"comment_status":"closed","ping_status":"closed","sticky":false,"template":"","format":"standard","meta":[],"categories":[5,2198,3845],"tags":[5962,7809],"_links":{"self":[{"href":"http:\/\/desarrollo.grupomedios.com\/futbol\/wp-json\/wp\/v2\/posts\/454237"}],"collection":[{"href":"http:\/\/desarrollo.grupomedios.com\/futbol\/wp-json\/wp\/v2\/posts"}],"about":[{"href":"http:\/\/desarrollo.grupomedios.com\/futbol\/wp-json\/wp\/v2\/types\/post"}],"author":[{"embeddable":true,"href":"http:\/\/desarrollo.grupomedios.com\/futbol\/wp-json\/wp\/v2\/users\/20"}],"replies":[{"embeddable":true,"href":"http:\/\/desarrollo.grupomedios.com\/futbol\/wp-json\/wp\/v2\/comments?post=454237"}],"version-history":[{"count":0,"href":"http:\/\/desarrollo.grupomedios.com\/futbol\/wp-json\/wp\/v2\/posts\/454237\/revisions"}],"wp:featuredmedia":[{"embeddable":true,"href":"http:\/\/desarrollo.grupomedios.com\/futbol\/wp-json\/wp\/v2\/media\/454242"}],"wp:attachment":[{"href":"http:\/\/desarrollo.grupomedios.com\/futbol\/wp-json\/wp\/v2\/media?parent=454237"}],"wp:term":[{"taxonomy":"category","embeddable":true,"href":"http:\/\/desarrollo.grupomedios.com\/futbol\/wp-json\/wp\/v2\/categories?post=454237"},{"taxonomy":"post_tag","embeddable":true,"href":"http:\/\/desarrollo.grupomedios.com\/futbol\/wp-json\/wp\/v2\/tags?post=454237"}],"curies":[{"name":"wp","href":"https:\/\/api.w.org\/{rel}","templated":true}]}}