{"id":454251,"date":"2017-01-16T11:52:34","date_gmt":"2017-01-16T17:52:34","guid":{"rendered":"https:\/\/www.futboltotal.com.mx\/?p=454251"},"modified":"2017-01-16T11:52:34","modified_gmt":"2017-01-16T17:52:34","slug":"real-madrid-pagaria-10-mde-sueco-17-anos","status":"publish","type":"post","link":"http:\/\/desarrollo.grupomedios.com\/futbol\/futbol-internacional\/real-madrid-pagaria-10-mde-sueco-17-anos\/2017\/01","title":{"rendered":"Real Madrid pagar\u00eda 10 mde por sueco de 17 a\u00f1os"},"content":{"rendered":"<p>El <strong>Real Madrid<\/strong> pretende fichar al\u00a0 joven delantero Alexander Isak, del AIK, por 10 millones de euros, seg\u00fan inform\u00f3 el peri\u00f3dico sueco <em>Aftonbladet<\/em>. El rotativo indica que el club blanco cerrar\u00e1 la contrataci\u00f3n en el transcurso de esta semana de uno de los jugadores m\u00e1s prometedores del futbol sueco de tan solo 17 a\u00f1os.<\/p>\n<p>La operaci\u00f3n en apariencia es sencilla de concretar luego de que Isak es representado por los hermanos Vlado y Zoran Lemic, que tambi\u00e9n llevan los asuntos del croata Luka Modric.<\/p>\n<p><a href=\"https:\/\/www.futboltotal.com.mx\/2017\/01\/cristiano-ronaldo-empata-los-56-goles-penal-hugol\/\"><span style=\"color: #3366ff;\">LEER M\u00c1S: CR7 iguala una marca de Hugo S\u00e1nchez<\/span><\/a><\/p>\n<p>Seg\u00fan se\u00f1ala el diario, en caso de confirmarse el fichaje por 10 millones de euros por el joven al que se le conoce como el Ibrahimovic negro, se tratar\u00eda del traspaso m\u00e1s caro en la historia del futbol sueco, por delante de Zlatan Ibrahimovic quien en 2001 fue fichado por el Ajax en 7.8 millones de euros que fueron a parar al Malmo, club de origen del actual artillero del Manchester United.<\/p>\n<p>Aunque por el momento el <strong>Real Madrid<\/strong> est\u00e1 sancionado por la FIFA sin poder inscribir jugadores durante un periodo de fichajes (el que est\u00e1 en curso), s\u00ed lo podr\u00eda fichar y su idea ser\u00eda incorporarlo a la disciplina del equipo durante el mercado veraniego, cuando ya pueda inscribir jugadores.<\/p>\n<p style=\"text-align: center;\"><a href=\"https:\/\/www.futboltotal.com.mx\/2017\/01\/alexis-sanchez-admite-defraudo-millon-euros-hacienda-busca-pacto-fiscalia\/\"><span style=\"color: #3366ff;\">LEER M\u00c1S: Alexis S\u00e1nchez admite que defraud\u00f3 un mill\u00f3n de euros a Hacienda<\/span><\/a><\/p>\n<p>Ya hubo contacto previo entre el <strong>Real Madrid<\/strong> y Alexander Isak, quien ya estuvo en las instalaciones de Valdebebas hace algunos meses, incluso, fue invitado al palco del Santiago Bernab\u00e9u para el juego ante el Sporting del pasado 26 de noviembre.<\/p>\n<p><b>S\u00edguenos en <span id=\"m_6531100271768557534goog_2054972132\"><\/span>Twitter <a href=\"https:\/\/twitter.com\/MXFutbolTotal\" target=\"_blank\" data-saferedirecturl=\"https:\/\/www.google.com\/url?hl=es&amp;q=https:\/\/twitter.com\/MXFutbolTotal&amp;source=gmail&amp;ust=1484672694054000&amp;usg=AFQjCNEtvWa2p2U3cFlecQ2w3YMHmS_Pkw\">@MXFutbolTotal<\/a><\/b><\/p>\n","protected":false},"excerpt":{"rendered":"<p>Se llama Alexander Isak y en Suecia le conoce como el Zlatan negro.<\/p>\n","protected":false},"author":20,"featured_media":454254,"comment_status":"closed","ping_status":"closed","sticky":false,"template":"","format":"standard","meta":[],"categories":[3839,3844],"tags":[8022,5988],"_links":{"self":[{"href":"http:\/\/desarrollo.grupomedios.com\/futbol\/wp-json\/wp\/v2\/posts\/454251"}],"collection":[{"href":"http:\/\/desarrollo.grupomedios.com\/futbol\/wp-json\/wp\/v2\/posts"}],"about":[{"href":"http:\/\/desarrollo.grupomedios.com\/futbol\/wp-json\/wp\/v2\/types\/post"}],"author":[{"embeddable":true,"href":"http:\/\/desarrollo.grupomedios.com\/futbol\/wp-json\/wp\/v2\/users\/20"}],"replies":[{"embeddable":true,"href":"http:\/\/desarrollo.grupomedios.com\/futbol\/wp-json\/wp\/v2\/comments?post=454251"}],"version-history":[{"count":0,"href":"http:\/\/desarrollo.grupomedios.com\/futbol\/wp-json\/wp\/v2\/posts\/454251\/revisions"}],"wp:featuredmedia":[{"embeddable":true,"href":"http:\/\/desarrollo.grupomedios.com\/futbol\/wp-json\/wp\/v2\/media\/454254"}],"wp:attachment":[{"href":"http:\/\/desarrollo.grupomedios.com\/futbol\/wp-json\/wp\/v2\/media?parent=454251"}],"wp:term":[{"taxonomy":"category","embeddable":true,"href":"http:\/\/desarrollo.grupomedios.com\/futbol\/wp-json\/wp\/v2\/categories?post=454251"},{"taxonomy":"post_tag","embeddable":true,"href":"http:\/\/desarrollo.grupomedios.com\/futbol\/wp-json\/wp\/v2\/tags?post=454251"}],"curies":[{"name":"wp","href":"https:\/\/api.w.org\/{rel}","templated":true}]}}