{"id":454259,"date":"2017-01-16T13:03:01","date_gmt":"2017-01-16T19:03:01","guid":{"rendered":"https:\/\/www.futboltotal.com.mx\/?p=454259"},"modified":"2017-01-16T13:04:01","modified_gmt":"2017-01-16T19:04:01","slug":"paul-pogba-prefirio-regresar-al-united-que-irse-al-madrid-o-barca","status":"publish","type":"post","link":"http:\/\/desarrollo.grupomedios.com\/futbol\/futbol-internacional\/paul-pogba-prefirio-regresar-al-united-que-irse-al-madrid-o-barca\/2017\/01","title":{"rendered":"Pogba prefiri\u00f3 regresar al United que irse al Madrid o Bar\u00e7a"},"content":{"rendered":"<p>El mediocentro franc\u00e9s <strong>Paul Pogba<\/strong> asegur\u00f3 que pudo haberse ido al Real Madrid o al Barcelona, pero que su intenci\u00f3n era volver al Manchester United.<\/p>\n<p>En entrevista para el portal RMC Sport, el futbolista de los <em>Red Devils<\/em> asegur\u00f3 que ambos clubes espa\u00f1oles mostraron inter\u00e9s en llevarlo a sus disciplinas, pero se inclin\u00f3 por el club brit\u00e1nico porque es uno de los equipos que est\u00e1n en su coraz\u00f3n, adem\u00e1s de que ten\u00eda la intenci\u00f3n de volver porque, dijo: &#8220;ten\u00eda que terminar lo que empec\u00e9&#8221;.<\/p>\n<p style=\"text-align: center;\"><a href=\"https:\/\/www.futboltotal.com.mx\/2017\/01\/real-madrid-pagaria-10-mde-sueco-17-anos\/\"><span style=\"color: #3366ff;\">LEER M\u00c1S: Real Madrid pagar\u00eda 10 mde por sueco de 17 a\u00f1os<\/span><\/a><\/p>\n<p>En la entrevista, <strong>Paul Pogba<\/strong> habl\u00f3 de varios temas, en especial de su paso en el Manchester United y la evoluci\u00f3n que ha tenido este club en la actual temporada. De su regreso, se\u00f1al\u00f3: &#8220;No fue f\u00e1cil porque llegu\u00e9 m\u00e1s tarde que los dem\u00e1s. He estado un punto por detr\u00e1s f\u00edsicamente que el resto, pero ahora me siento bien&#8221;.<\/p>\n<p>Sobre la adaptaci\u00f3n de \u00e9l al juego del equipo, el franc\u00e9s fue m\u00e1s expl\u00edcito al desmenuzar la forma en la que se complementa con sus compa\u00f1eros: &#8220;Hemos encontrado el equilibrio en el centro del campo. Carrick se encarga de una labor m\u00e1s defensiva y yo tiendo a ir m\u00e1s hacia delante. Soy m\u00e1s alto que \u00e9l y que Ander Herrera por lo que me sit\u00fao m\u00e1s cerca de ibrahimovic. Ander trabaja, aprieta arriba conmigo y luego se encarga de mover al equipo&#8221;.<\/p>\n<p style=\"text-align: center;\"><a href=\"https:\/\/www.futboltotal.com.mx\/2017\/01\/arjen-robben-renueva-bayern-munich\/\"><span style=\"color: #3366ff;\">LEER M\u00c1S: Arjen Robben renueva con el Bayern M\u00fanich<\/span><\/a><\/p>\n<p><strong>Pogba<\/strong> tambi\u00e9n destac\u00f3 el apoyo que ha recibido del t\u00e9cnico Jos\u00e9 Mourinho y del delantero sueco Zlatan Ibrahimovic, de quienes dijo le ayudan con consejos para mejorar como futbolista.<\/p>\n<p><b>S\u00edguenos en <span id=\"m_6531100271768557534goog_2054972132\"><\/span>Twitter <a href=\"https:\/\/twitter.com\/MXFutbolTotal\" target=\"_blank\" data-saferedirecturl=\"https:\/\/www.google.com\/url?hl=es&amp;q=https:\/\/twitter.com\/MXFutbolTotal&amp;source=gmail&amp;ust=1484672694054000&amp;usg=AFQjCNEtvWa2p2U3cFlecQ2w3YMHmS_Pkw\">@MXFutbolTotal<\/a><\/b><\/p>\n","protected":false},"excerpt":{"rendered":"<p>El mediocentro franc\u00e9s asegura que en los Red Devils tiene pendientes por cumplir.<\/p>\n","protected":false},"author":20,"featured_media":450082,"comment_status":"closed","ping_status":"closed","sticky":false,"template":"","format":"standard","meta":[],"categories":[3839,3844,3846],"tags":[5984,288,43,6104,5988,6059],"_links":{"self":[{"href":"http:\/\/desarrollo.grupomedios.com\/futbol\/wp-json\/wp\/v2\/posts\/454259"}],"collection":[{"href":"http:\/\/desarrollo.grupomedios.com\/futbol\/wp-json\/wp\/v2\/posts"}],"about":[{"href":"http:\/\/desarrollo.grupomedios.com\/futbol\/wp-json\/wp\/v2\/types\/post"}],"author":[{"embeddable":true,"href":"http:\/\/desarrollo.grupomedios.com\/futbol\/wp-json\/wp\/v2\/users\/20"}],"replies":[{"embeddable":true,"href":"http:\/\/desarrollo.grupomedios.com\/futbol\/wp-json\/wp\/v2\/comments?post=454259"}],"version-history":[{"count":0,"href":"http:\/\/desarrollo.grupomedios.com\/futbol\/wp-json\/wp\/v2\/posts\/454259\/revisions"}],"wp:featuredmedia":[{"embeddable":true,"href":"http:\/\/desarrollo.grupomedios.com\/futbol\/wp-json\/wp\/v2\/media\/450082"}],"wp:attachment":[{"href":"http:\/\/desarrollo.grupomedios.com\/futbol\/wp-json\/wp\/v2\/media?parent=454259"}],"wp:term":[{"taxonomy":"category","embeddable":true,"href":"http:\/\/desarrollo.grupomedios.com\/futbol\/wp-json\/wp\/v2\/categories?post=454259"},{"taxonomy":"post_tag","embeddable":true,"href":"http:\/\/desarrollo.grupomedios.com\/futbol\/wp-json\/wp\/v2\/tags?post=454259"}],"curies":[{"name":"wp","href":"https:\/\/api.w.org\/{rel}","templated":true}]}}